{"id":1651,"date":"2024-12-02T14:05:12","date_gmt":"2024-12-02T13:05:12","guid":{"rendered":"https:\/\/ntigymnasiet.se\/eskilstuna\/?post_type=article&#038;p=1651"},"modified":"2026-02-11T15:17:41","modified_gmt":"2026-02-11T14:17:41","slug":"nti-gymnasiet-i-topp-en-av-eskilstunas-basta-skolor","status":"publish","type":"article","link":"https:\/\/ntigymnasiet.se\/eskilstuna\/nyheter\/nti-gymnasiet-i-topp-en-av-eskilstunas-basta-skolor\/","title":{"rendered":"NTI Gymnasiet i topp &#8211; en av Eskilstunas b\u00e4sta skolor"},"content":{"rendered":"\n<div class=\"wp-block-columns is-layout-flex wp-container-core-columns-layout-1 wp-block-columns-is-layout-flex\">\n<div class=\"wp-block-column is-layout-flow wp-block-column-is-layout-flow\" style=\"flex-basis:15%\"><\/div>\n\n\n\n<div class=\"wp-block-column is-layout-flow wp-block-column-is-layout-flow\" style=\"flex-basis:70%\">\n<h1 class=\"wp-block-heading\"><strong>NTI Gymnasiet i topp &#8211; en av Eskilstunas b\u00e4sta skolor<\/strong><\/h1>\n\n\n\n<p   class=\"site__ingress container text-left  site__text-color--dark  site__free_text--ingress p-0\">\n\tNTI Gymnasiet har blivit utsedd till en av de b\u00e4sta gymnasieskolorna i Eskilstuna. Detta har den lokala tidningen Ekuriren uppm\u00e4rksammat i en artikel. <\/p>\n\n\n\n\n\n<p>Det \u00e4r den oberoende skolj\u00e4mf\u00f6relsetj\u00e4nsten Ednia som har utsett oss till detta utifr\u00e5n v\u00e5ra resultat p\u00e5 nationella prov, v\u00e5ra beh\u00f6riga l\u00e4rare, betyg, n\u00f6jdheten hos v\u00e5ra elever med mera.<\/p>\n\n\n\n<p>Eleverna Atry och Wilma intervjuades av&nbsp;<em>Ekuriren<\/em><em>&nbsp;<\/em>ang\u00e5ende denna utm\u00e4rkelse. Atry ber\u00e4ttar att han fastnade f\u00f6r skolan p\u00e5 sin prova p\u00e5-dag och uppskattar att skolan \u00e4r mindre.<\/p>\n\n\n\n<p>Wilma tipsar inf\u00f6r gymnasievalet att man ska ta reda p\u00e5 mycket information och g\u00e5 p\u00e5 \u00f6ppet hus f\u00f6r att f\u00e5 en bild av vad man kan f\u00f6rv\u00e4nta sig av skolan man \u00e4r intresserad av.<\/p>\n\n\n\n<p>\u00c4ven v\u00e5r rektor Magnus Jangerud intervjuades, han uttrycker sin gl\u00e4dje \u00f6ver placeringen: &#8221;Vi \u00e4r givetvis glada \u00f6ver placeringen. Det \u00e4r en fin, trivsam och familj\u00e4r st\u00e4mning p\u00e5 skolan som vi v\u00e4rnar v\u00e4ldigt mycket och som jag tror m\u00e4rks n\u00e4r man g\u00e5r p\u00e5 eller bes\u00f6ker skolan.&#8221;<\/p>\n\n\n\n<div class=\"module_wrapper ams_single_button_module cpt-60 cpb-30\" >\n\t<div class=\"container\">\n\t\t<div class=\"row\">\n\t\t\t<div class=\"col-12\">\n\t\t\t\t\n\t\t\t\t\t<div class=\"text-center\">\n\t\t\t\t\t\t\t\t\t\t\t\t\t\t\t\t\t\t\t<!-- Please don't convert it to button from <a>. If we use javascript linking, it is not\n\t\t\t\t\t\ttracking correctly in Google Analytic. -->\n\t\t\t\t\t\t\t<a tabindex=\"0.01\"\n\t\t\t\t\t\t\t   id=\"69f0f5d8ea14b\"\n\t\t\t\t\t\t\t   href=\"https:\/\/www.ekuriren.se\/nyheter\/eskilstuna\/artikel\/lista-har-ar-eskilstunas-basta-gymnasier\/lw4vgk1r\"\n\t\t\t\t\t\t\t   target=\"\"\n\t\t\t\t\t\t\t   class=\"btn text-center ams_active_button_state_default site__buttons-1 pt-2 site__cta-bg--100 site__text-color--light site__text-color--light slightly-rounded-corners-btn-shape \"\n\t\t\t\t\t\t\t   title=\"L\u00e4s artikeln h\u00e4r\"\n\t\t\t\t\t\t\t   role=\"button\">\n\t\t\t\t\t\t\t\tL\u00e4s artikeln h\u00e4r\t\t\t\t\t\t\t<\/a>\n\n\t\t\t\t\t\t\t\t\t\t\t<\/div>\n\n\t\t\t\t\t\t\t<\/div>\n\t\t<\/div>\n\t<\/div>\n<\/div>\n<\/div>\n<\/div>\n","protected":false},"template":"","article_category":[],"yoast_head":"<!-- This site is optimized with the Yoast SEO plugin v22.0 - https:\/\/yoast.com\/wordpress\/plugins\/seo\/ -->\n<title>Eskilstuna<\/title>\n<meta name=\"description\" content=\"NTI Gymnasiet Eskilstuna har blivit utsedd till en av de b\u00e4sta gymnasieskolorna i Eskilstuna. Detta har de tidningen Ekuriren uppm\u00e4rksammat.\" \/>\n<meta name=\"robots\" content=\"index, follow, max-snippet:-1, max-image-preview:large, max-video-preview:-1\" \/>\n<link rel=\"canonical\" href=\"https:\/\/ntigymnasiet.se\/eskilstuna\/nyheter\/nti-gymnasiet-i-topp-en-av-eskilstunas-basta-skolor\/\" \/>\n<meta property=\"og:locale\" content=\"sv_SE\" \/>\n<meta property=\"og:type\" content=\"article\" \/>\n<meta property=\"og:description\" content=\"NTI Gymnasiet Eskilstuna har blivit utsedd till en av de b\u00e4sta gymnasieskolorna i Eskilstuna. Detta har de tidningen Ekuriren uppm\u00e4rksammat.\" \/>\n<meta property=\"og:url\" content=\"https:\/\/ntigymnasiet.se\/eskilstuna\/nyheter\/nti-gymnasiet-i-topp-en-av-eskilstunas-basta-skolor\/\" \/>\n<meta property=\"og:site_name\" content=\"Eskilstuna\" \/>\n<meta property=\"article:modified_time\" content=\"2026-02-11T14:17:41+00:00\" \/>\n<meta name=\"twitter:card\" content=\"summary_large_image\" \/>\n<meta name=\"twitter:description\" content=\"NTI Gymnasiet Eskilstuna har blivit utsedd till en av de b\u00e4sta gymnasieskolorna i Eskilstuna. Detta har de tidningen Ekuriren uppm\u00e4rksammat.\" \/>\n<meta name=\"twitter:label1\" content=\"Est. reading time\" \/>\n\t<meta name=\"twitter:data1\" content=\"2 minuter\" \/>\n<script type=\"application\/ld+json\" class=\"yoast-schema-graph\">{\"@context\":\"https:\/\/schema.org\",\"@graph\":[{\"@type\":\"WebPage\",\"@id\":\"https:\/\/ntigymnasiet.se\/eskilstuna\/nyheter\/nti-gymnasiet-i-topp-en-av-eskilstunas-basta-skolor\/\",\"url\":\"https:\/\/ntigymnasiet.se\/eskilstuna\/nyheter\/nti-gymnasiet-i-topp-en-av-eskilstunas-basta-skolor\/\",\"name\":\"NTI Gymnasiet i topp - en av Eskilstunas b\u00e4sta skolor - Eskilstuna\",\"isPartOf\":{\"@id\":\"https:\/\/ntigymnasiet.se\/eskilstuna\/#website\"},\"datePublished\":\"2024-12-02T13:05:12+00:00\",\"dateModified\":\"2026-02-11T14:17:41+00:00\",\"description\":\"NTI Gymnasiet Eskilstuna har blivit utsedd till en av de b\u00e4sta gymnasieskolorna i Eskilstuna. Detta har de tidningen Ekuriren uppm\u00e4rksammat.\",\"breadcrumb\":{\"@id\":\"https:\/\/ntigymnasiet.se\/eskilstuna\/nyheter\/nti-gymnasiet-i-topp-en-av-eskilstunas-basta-skolor\/#breadcrumb\"},\"inLanguage\":\"sv-SE\",\"potentialAction\":[{\"@type\":\"ReadAction\",\"target\":[\"https:\/\/ntigymnasiet.se\/eskilstuna\/nyheter\/nti-gymnasiet-i-topp-en-av-eskilstunas-basta-skolor\/\"]}]},{\"@type\":\"BreadcrumbList\",\"@id\":\"https:\/\/ntigymnasiet.se\/eskilstuna\/nyheter\/nti-gymnasiet-i-topp-en-av-eskilstunas-basta-skolor\/#breadcrumb\",\"itemListElement\":[{\"@type\":\"ListItem\",\"position\":1,\"name\":\"Start\",\"item\":\"https:\/\/ntigymnasiet.se\/eskilstuna\"},{\"@type\":\"ListItem\",\"position\":2,\"name\":\"Nyheter\"}]},{\"@type\":\"WebSite\",\"@id\":\"https:\/\/ntigymnasiet.se\/eskilstuna\/#website\",\"url\":\"https:\/\/ntigymnasiet.se\/eskilstuna\/\",\"name\":\"Eskilstuna\",\"description\":\"Just another WordPress site\",\"potentialAction\":[{\"@type\":\"SearchAction\",\"target\":{\"@type\":\"EntryPoint\",\"urlTemplate\":\"https:\/\/ntigymnasiet.se\/eskilstuna\/?s={search_term_string}\"},\"query-input\":\"required name=search_term_string\"}],\"inLanguage\":\"sv-SE\"}]}<\/script>\n<!-- \/ Yoast SEO plugin. -->","yoast_head_json":{"title":"Eskilstuna","description":"NTI Gymnasiet Eskilstuna har blivit utsedd till en av de b\u00e4sta gymnasieskolorna i Eskilstuna. Detta har de tidningen Ekuriren uppm\u00e4rksammat.","robots":{"index":"index","follow":"follow","max-snippet":"max-snippet:-1","max-image-preview":"max-image-preview:large","max-video-preview":"max-video-preview:-1"},"canonical":"https:\/\/ntigymnasiet.se\/eskilstuna\/nyheter\/nti-gymnasiet-i-topp-en-av-eskilstunas-basta-skolor\/","og_locale":"sv_SE","og_type":"article","og_description":"NTI Gymnasiet Eskilstuna har blivit utsedd till en av de b\u00e4sta gymnasieskolorna i Eskilstuna. Detta har de tidningen Ekuriren uppm\u00e4rksammat.","og_url":"https:\/\/ntigymnasiet.se\/eskilstuna\/nyheter\/nti-gymnasiet-i-topp-en-av-eskilstunas-basta-skolor\/","og_site_name":"Eskilstuna","article_modified_time":"2026-02-11T14:17:41+00:00","twitter_card":"summary_large_image","twitter_description":"NTI Gymnasiet Eskilstuna har blivit utsedd till en av de b\u00e4sta gymnasieskolorna i Eskilstuna. Detta har de tidningen Ekuriren uppm\u00e4rksammat.","twitter_misc":{"Est. reading time":"2 minuter"},"schema":{"@context":"https:\/\/schema.org","@graph":[{"@type":"WebPage","@id":"https:\/\/ntigymnasiet.se\/eskilstuna\/nyheter\/nti-gymnasiet-i-topp-en-av-eskilstunas-basta-skolor\/","url":"https:\/\/ntigymnasiet.se\/eskilstuna\/nyheter\/nti-gymnasiet-i-topp-en-av-eskilstunas-basta-skolor\/","name":"NTI Gymnasiet i topp - en av Eskilstunas b\u00e4sta skolor - Eskilstuna","isPartOf":{"@id":"https:\/\/ntigymnasiet.se\/eskilstuna\/#website"},"datePublished":"2024-12-02T13:05:12+00:00","dateModified":"2026-02-11T14:17:41+00:00","description":"NTI Gymnasiet Eskilstuna har blivit utsedd till en av de b\u00e4sta gymnasieskolorna i Eskilstuna. Detta har de tidningen Ekuriren uppm\u00e4rksammat.","breadcrumb":{"@id":"https:\/\/ntigymnasiet.se\/eskilstuna\/nyheter\/nti-gymnasiet-i-topp-en-av-eskilstunas-basta-skolor\/#breadcrumb"},"inLanguage":"sv-SE","potentialAction":[{"@type":"ReadAction","target":["https:\/\/ntigymnasiet.se\/eskilstuna\/nyheter\/nti-gymnasiet-i-topp-en-av-eskilstunas-basta-skolor\/"]}]},{"@type":"BreadcrumbList","@id":"https:\/\/ntigymnasiet.se\/eskilstuna\/nyheter\/nti-gymnasiet-i-topp-en-av-eskilstunas-basta-skolor\/#breadcrumb","itemListElement":[{"@type":"ListItem","position":1,"name":"Start","item":"https:\/\/ntigymnasiet.se\/eskilstuna"},{"@type":"ListItem","position":2,"name":"Nyheter"}]},{"@type":"WebSite","@id":"https:\/\/ntigymnasiet.se\/eskilstuna\/#website","url":"https:\/\/ntigymnasiet.se\/eskilstuna\/","name":"Eskilstuna","description":"Just another WordPress site","potentialAction":[{"@type":"SearchAction","target":{"@type":"EntryPoint","urlTemplate":"https:\/\/ntigymnasiet.se\/eskilstuna\/?s={search_term_string}"},"query-input":"required name=search_term_string"}],"inLanguage":"sv-SE"}]}},"_links":{"self":[{"href":"https:\/\/ntigymnasiet.se\/eskilstuna\/wp-json\/wp\/v2\/article\/1651"}],"collection":[{"href":"https:\/\/ntigymnasiet.se\/eskilstuna\/wp-json\/wp\/v2\/article"}],"about":[{"href":"https:\/\/ntigymnasiet.se\/eskilstuna\/wp-json\/wp\/v2\/types\/article"}],"wp:attachment":[{"href":"https:\/\/ntigymnasiet.se\/eskilstuna\/wp-json\/wp\/v2\/media?parent=1651"}],"wp:term":[{"taxonomy":"article_category","embeddable":true,"href":"https:\/\/ntigymnasiet.se\/eskilstuna\/wp-json\/wp\/v2\/article_category?post=1651"}],"curies":[{"name":"wp","href":"https:\/\/api.w.org\/{rel}","templated":true}]}}