{"id":1751,"date":"2025-10-23T14:44:52","date_gmt":"2025-10-23T12:44:52","guid":{"rendered":"https:\/\/ntigymnasiet.se\/handelsgymnasiet\/stockholm\/?post_type=article&#038;p=1751"},"modified":"2026-08-27T16:12:20","modified_gmt":"2026-08-27T14:12:20","slug":"vi-flyttar-2026","status":"publish","type":"article","link":"https:\/\/ntigymnasiet.se\/handelsgymnasiet\/stockholm\/artikel\/vi-flyttar-2026\/","title":{"rendered":"Vi flyttar 2026"},"content":{"rendered":"\n<div class=\"wp-block-columns is-layout-flex wp-container-core-columns-layout-1 wp-block-columns-is-layout-flex\">\n<div class=\"wp-block-column is-layout-flow wp-block-column-is-layout-flow\" style=\"flex-basis:15%\"><\/div>\n\n\n\n<div class=\"wp-block-column is-layout-flow wp-block-column-is-layout-flow\" style=\"flex-basis:70%\">\t<div\n\t\t class=\"module_wrapper container-fluid images-module\" >\n\t\t<div class=\"row\">\n\t\t\t<div\n\t\t\t\t\tclass=\"col-12 m-0 p-0 position-relative images_module__slideshow images_module__slideshow-container module-expand \">\n\n\t\t\t\t<div class=\"images_module__slide \" data-slide=\"\"\n\t\t\t\t\t data-duration=\"\"><\/div>\n\t\t\t\t\t\t\t\t\t<div\n\t\t\t\t\t\t class=\"images_module__slides \">\n\n\n\t\t\t\t\t\t<div class=\"images__wrapper\"\n\t\t\t\t\t\t\t style=\"aspect-ratio: 851 \/ 531;\">\n\t\t\t\t\t\t\t<img decoding=\"async\" width=\"2214\" height=\"1476\" src=\"https:\/\/ntigymnasiet.se\/wp-content\/uploads\/sites\/5\/2025\/10\/nti-gbg-lagupplost-2022-foto-harald-nilsson-dsc1095.jpg\" class=\"images__image_ratio  \" alt=\"Elever som g\u00e5r tillsammans p\u00e5 gatan och \u00e4r glada.\" style=\"aspect-ratio: 851 \/ 531;object-position: center center;\" srcset=\"https:\/\/ntigymnasiet.se\/wp-content\/uploads\/sites\/5\/2025\/10\/nti-gbg-lagupplost-2022-foto-harald-nilsson-dsc1095.jpg 2214w, https:\/\/ntigymnasiet.se\/wp-content\/uploads\/sites\/5\/2025\/10\/nti-gbg-lagupplost-2022-foto-harald-nilsson-dsc1095-300x200.jpg 300w, https:\/\/ntigymnasiet.se\/wp-content\/uploads\/sites\/5\/2025\/10\/nti-gbg-lagupplost-2022-foto-harald-nilsson-dsc1095-400x267.jpg 400w, https:\/\/ntigymnasiet.se\/wp-content\/uploads\/sites\/5\/2025\/10\/nti-gbg-lagupplost-2022-foto-harald-nilsson-dsc1095-600x400.jpg 600w, https:\/\/ntigymnasiet.se\/wp-content\/uploads\/sites\/5\/2025\/10\/nti-gbg-lagupplost-2022-foto-harald-nilsson-dsc1095-800x533.jpg 800w, https:\/\/ntigymnasiet.se\/wp-content\/uploads\/sites\/5\/2025\/10\/nti-gbg-lagupplost-2022-foto-harald-nilsson-dsc1095-1024x683.jpg 1024w, https:\/\/ntigymnasiet.se\/wp-content\/uploads\/sites\/5\/2025\/10\/nti-gbg-lagupplost-2022-foto-harald-nilsson-dsc1095-1200x800.jpg 1200w\" sizes=\"(max-width: 2214px) 100vw, 2214px\" \/>\t\t\t\t\t\t<\/div>\n\n\t\t\t\t\t\t\n\t\t\t\t\t\t\t\t\t\t\t<\/div>\n\t\t\t\t\n\t\t\t\t<div class=\"images_module__container_dot \">\n\t\t\t\t\t<div style=\"text-align:center\">\n\t\t\t\t\t\t\t\t\t\t\t\t\t<span   data-i=\"0\"\n\t\t\t\t\t\t\t\t  class=\"images_module__dot\n\t\t\t\t\t\t\t\t\t\t\t\t\t  \"><\/span>\n\t\t\t\t\t\t\t\t\t\t\t<\/div>\n\t\t\t\t<\/div>\n\n\t\t\t<\/div>\n\t\t<\/div>\n\t<\/div>\n\n\n\t\n\n\n<script>\n\tvar images_display_descriptive_text = \"\";\n<\/script>\n\n\n\n<div style=\"height:35px\" aria-hidden=\"true\" class=\"wp-block-spacer\"><\/div>\n\n\n\n<h1 class=\"wp-block-heading\">Vi flyttar till nyrenoverade lokaler \u2013 b\u00e4sta l\u00e4get p\u00e5 Odenplan<\/h1>\n\n\n\n<p   class=\"site__ingress container text-left  site__text-color--dark  site__free_text--ingress p-0\">\n\tInf\u00f6r h\u00f6stterminen 2026 v\u00e4ntar en sp\u00e4nnande f\u00f6r\u00e4ndring f\u00f6r elever och personal p\u00e5 NTI Handelsgymnasiet Stockholm. Skolan flyttar d\u00e5 till nya, fr\u00e4scha och nyrenoverade lokaler p\u00e5 Vanadisv\u00e4gen 9B \u2013 bara n\u00e5gra meter fr\u00e5n nuvarande adress p\u00e5 Hagagatan 25B.<\/p>\n\n\n\n\n\n<p>Det nya l\u00e4get blir fortfarande lika centralt, endast n\u00e5gra minuters g\u00e5ng fr\u00e5n Odenplans tunnelbana och pendelt\u00e5gstation. H\u00e4r kommer NTI Handelsgymnasiet Stockholm att forts\u00e4tta erbjuda en modern och inspirerande studiemilj\u00f6, men med \u00e4nnu b\u00e4ttre f\u00f6ruts\u00e4ttningar f\u00f6r l\u00e4rande, samarbete och gemenskap.<\/p>\n\n\n\n<p>Det nya l\u00e4get blir fortfarande lika centralt, endast n\u00e5gra minuters g\u00e5ng fr\u00e5n Odenplans tunnelbana och pendelt\u00e5gstation. H\u00e4r kommer NTI Handelsgymnasiet Stockholm att forts\u00e4tta erbjuda en modern och inspirerande studiemilj\u00f6, men med \u00e4nnu b\u00e4ttre f\u00f6ruts\u00e4ttningar f\u00f6r l\u00e4rande, samarbete och gemenskap.<\/p>\n\n\n\n<h2 class=\"wp-block-heading\"><strong>Mer plats, fler m\u00f6jligheter<\/strong><\/h2>\n\n\n\n<p>De nya lokalerna \u00e4r v\u00e4l anpassade f\u00f6r skolans program och verksamhet \u2013 med bland annat ljusa klassrum, kreativa grupprum och flera gemenskapsytor f\u00f6r eleverna. H\u00e4r finns gott om plats att b\u00e5de fokusera, umg\u00e5s och utvecklas tillsammans.<\/p>\n\n\n\n<p><em>&#8221;Vi vill skapa en skola d\u00e4r eleverna k\u00e4nner sig hemma, trivs och f\u00e5r de b\u00e4sta f\u00f6ruts\u00e4ttningarna f\u00f6r att n\u00e5 sina m\u00e5l. I de nya lokalerna blir det mer luft och en milj\u00f6 som verkligen speglar NTI Handelsgymnasiets moderna profil,&#8221; <\/em>s\u00e4ger Malin Granlund, bitr\u00e4dande rektor p\u00e5 NTI Handelsgymnasiet Stockholm.<\/p>\n\n\n\n<h2 class=\"wp-block-heading\"><strong>En framtidsinriktad skola \u2013 mitt i city<\/strong><\/h2>\n\n\n\n<p>NTI Handelsgymnasiet \u00e4r k\u00e4nt f\u00f6r sin kombination av handelskompetens, entrepren\u00f6rskap och h\u00f6ga f\u00f6rv\u00e4ntningar. Den nya adressen g\u00f6r det m\u00f6jligt att utveckla skolans vision ytterligare \u2013 med moderna l\u00e4rmilj\u00f6er och teknik som st\u00f6djer framtidens utbildning.<\/p>\n\n\n\n<p><em>&#8221;Den nya platsen p\u00e5&nbsp;<\/em>Vanadisv\u00e4gen 9B<em>&nbsp;ger oss fantastiska m\u00f6jligheter att forts\u00e4tta v\u00e4xa och skapa en \u00e4nnu b\u00e4ttre gymnasietid f\u00f6r v\u00e5ra elever,&#8221;<\/em><br>s\u00e4ger Johan De Farfalla, rektor.<\/p>\n\n\n\n<h2 class=\"wp-block-heading\"><strong>V\u00e4lkommen till Vanadisv\u00e4gen 9B!<\/strong><\/h2>\n\n\n\n<p>Flytten genomf\u00f6rs under sommaren 2026. Inf\u00f6r h\u00f6stterminen \u00f6ppnar sedan skolan d\u00f6rrarna till sina nya lokaler \u2013 med b\u00e4ttre utrymmen, modernare milj\u00f6 och nya m\u00f6jligheter f\u00f6r b\u00e5de elever och personal.<\/p>\n<\/div>\n\n\n\n<div class=\"wp-block-column is-layout-flow wp-block-column-is-layout-flow\" style=\"flex-basis:15%\"><\/div>\n<\/div>\n\n\n\n\t\n\t\n\t\n\n\t\n\t\n\t\t\n<section  class=\"c-block l-stacked  \" data-color-scheme=\"standard_morkbla-bakgrund\">\n\t<div class=\"ams-fifty ams-fifty--container ams-fifty--right ams-fifty--bottom l-container u-pt-fluid-2xl-4xl u-pb-fluid-2xl-4xl\">\n\t\t<div class=\"ams-fifty__content l-stack l-stack-xl is-center is-center@lg\">\n\t\t\t<div class=\"ams-fifty__text l-stack l-stack-lg\">\n\t\t\t\t\t\n\t<h2\n\tclass=\"c-heading u-font-title-1 \"\n\tstyle=\"\">\n\t\t\n\t\t\t\t\tSpana in v\u00e5r TikTok!\n\t\t\t\t\n\t<\/h2>\n\n\t\t\t\t\t\t\t\t\t<div class=\"text l-stack u-font-body\">\n\t\t\t\t\t\t<p>Missa inte att kika in p\u00e5 v\u00e5r TikTok, d\u00e4r du kan se allt om flytten!<\/p>\n\n\t\t\t\t\t<\/div>\n\t\t\t\t\t\t\t<\/div>\n\n\t\t\t\t<div class=\"ams-fifty__action u-inline-items\">\n\t\t\t\t\t\t\t\n\n\n\n<a href=\"https:\/\/www.tiktok.com\/@nti_handels_sthlm\"\n\t\n\tclass=\"c-btn \"\n\tdata-style=\"rounded\"\n\tdata-size=\"md\"\n\tdata-width=\"full-mobile\"\n\tdata-variant=\"default\"\n\ttarget=\"_self\">\n\t\t\t<span class=\"label\"> Till v\u00e5r TikTok<\/span>\n\t\t\t\t\t\t\n\t<\/a>\n\t\t\t<\/div>\n\t\t<\/div>\n\n\t\t <div class=\"ams-fifty__media u-ratio-landscape\">\n\t\t \t\n\t\t\t\n\t\t\t\t\t\t\t<lite-youtube videoid=\"hQ6JCSiMl6E\" style=\"background-image: url('https:\/\/i.ytimg.com\/vi\/hQ6JCSiMl6E\/hqdefault.jpg');\">\n\t\t\t\t\t\t<button href=\"https:\/\/youtube.com\/watch?v=hQ6JCSiMl6E\" class=\"lty-playbtn\" title=\"Play Video\">\n\t\t\t\t\t\t\t<span class=\"lyt-visually-hidden\">Play Video<\/span>\n\t\t\t\t\t\t<\/button>\n\t\t\t\t\t<\/lite-youtube>\n\t\t\t\t\t<\/div>\n\t<\/div>\n\n\t\t\n\n<\/section>\n\n\n\n<section \n\t\t class=\"\n\t\t ams-contact\n\t\t \n\t\t c-block l-stacked\n\t\t \n\t\t \n\t\t js-load-more\n\t\t \"\n\t\t data-color-scheme=\"standard_morkbeige-bakgrund\"\n\t\t\t\t\tdata-count=\"3\"\n\t\t\t\t\t\t\tdata-count-mobile=\"2\"\n\t\t\t\t>\n\t<div\n\t\t class=\"\n\t\t l-container\n\t\t l-stack l-stack-fluid-2xl\n\t\t u-pt-fluid-3xl-6xl\n\t\t u-pb-fluid-3xl-6xl\n\t\t is-center\n\t\t is-center@md\n\t\t \">\n\t\t\t\t\t<div class=\"ams-contact__intro l-stack l-stack-lg\">\n\t\t\t\t\t\n\t<h2\n\tclass=\"c-heading u-font-title-1 \"\n\tstyle=\"\">\n\t\t\n\t\t\t\t\tKontakt f\u00f6r mer information\n\t\t\t\t\n\t<\/h2>\n\n\t\t\t\t\t\t\t<\/div>\n\t\t\n\t\t\n\t\t    \t\n\t\t\n\t\t<ul\n\t\t\tid=\"contact-grid-6a9a788473e6c\"\n\t\t\tclass=\"ams-contact__list l-grid u-gap-fluid-2xl-4xl u-justify-center js-results \"\n\t\t\taria-label=\"Kontakter\"\n\t\t\tdata-filter-animation=\"off\"\n\t\t\t>\n\t\t\t\t\t\t\t\t\t\t\t\n\t\t\t\t\n\t\t\t\t<li class=\"l-col-6@md l-col-4@lg \" data-filter=\"larare\">\n\t\t\t\t\t<article class=\"c-card \" data-variant=\"neutral\">\n\t\t\t\t\t\t<div class=\"c-card__content u-text-center\">\n\t\t\t\t\t\t\t\t\t\t\t\t\t\t\t<h3 class=\"c-card__title u-font-title-3\">\n\t\t\t\t\t\t\t\t\tAlexander Takakusagi\n\t\t\t\t\t\t\t\t<\/h3>\n\t\t\t\t\t\t\t\n\t\t\t\t\t\t\t\t\t\t\t\t\t\t\t<p class=\"position u-font-body\">Engelska <\/p>\n\t\t\t\t\t\t\t\n\t\t\t\t\t\t\t\t\t\t\t\t\t\t\t<div class=\"contact-info u-font-body\">\n\t\t\t\t\t\t\t\t\t\n\t\t\t\t\t\t\t\t\t\t\t\t\t\t\t\t\t\t\t\t\t\t\t\t\t\t\t\t\t\t<p class=\"email\"><a\n\t\t\t\t\t\t\t\t\t\t\t\t\thref=\"m&#097;&#105;l&#116;o:&#097;l&#101;&#120;&#097;&#110;&#100;&#101;&#114;&#046;t&#097;k&#097;&#107;&#117;s&#097;&#103;&#105;&#064;&#110;&#116;ig&#046;&#115;&#101;\"\n\t\t\t\t\t\t\t\t\t\t\t\t\tclass=\"u-text-link\">a&#108;e&#120;a&#110;&#100;&#101;r&#046;ta&#107;&#097;k&#117;&#115;ag&#105;&#064;n&#116;&#105;g.se<\/a>\n\t\t\t\t\t\t\t\t\t\t\t<\/p>\n\t\t\t\t\t\t\t\t\t\t\t\t\t\t\t\t\t\t\t\t\t\t\t\t\t\t\t<\/div>\n\t\t\t\t\t\t\t\n\t\t\t\t\t\t\t\t\t\t\t\t\t<\/div>\n\t\t\t\t\t\t<div class=\"c-card__media\">\n\t\t\t\t\t\t\t<img decoding=\"async\" width=\"400\" height=\"533\" src=\"https:\/\/ntigymnasiet.se\/wp-content\/uploads\/sites\/5\/2025\/08\/img0058-400x533.jpg\" class=\"u-radius-round u-ratio-landscape\" alt=\"Skolpersonal.\" sizes=\"(max-width: 300px) 100vw, 300px\" srcset=\"https:\/\/ntigymnasiet.se\/wp-content\/uploads\/sites\/5\/2025\/08\/img0058-400x533.jpg 400w, https:\/\/ntigymnasiet.se\/wp-content\/uploads\/sites\/5\/2025\/08\/img0058-300x400.jpg 300w, https:\/\/ntigymnasiet.se\/wp-content\/uploads\/sites\/5\/2025\/08\/img0058-600x800.jpg 600w, https:\/\/ntigymnasiet.se\/wp-content\/uploads\/sites\/5\/2025\/08\/img0058-800x1067.jpg 800w, https:\/\/ntigymnasiet.se\/wp-content\/uploads\/sites\/5\/2025\/08\/img0058-1024x1365.jpg 1024w, https:\/\/ntigymnasiet.se\/wp-content\/uploads\/sites\/5\/2025\/08\/img0058-1200x1600.jpg 1200w, https:\/\/ntigymnasiet.se\/wp-content\/uploads\/sites\/5\/2025\/08\/img0058-scaled.jpg 1920w\" \/>\n\t\t\t\t\t\t<\/div>\n\t\t\t\t\t<\/article>\n\t\t\t\t<\/li>\n\t\t\t\t\t\t\t\t\t\t\t\n\t\t\t\t\n\t\t\t\t<li class=\"l-col-6@md l-col-4@lg \" data-filter=\"larare\">\n\t\t\t\t\t<article class=\"c-card \" data-variant=\"neutral\">\n\t\t\t\t\t\t<div class=\"c-card__content u-text-center\">\n\t\t\t\t\t\t\t\t\t\t\t\t\t\t\t<h3 class=\"c-card__title u-font-title-3\">\n\t\t\t\t\t\t\t\t\tSamuel Schlemowitz\n\t\t\t\t\t\t\t\t<\/h3>\n\t\t\t\t\t\t\t\n\t\t\t\t\t\t\t\t\t\t\t\t\t\t\t<p class=\"position u-font-body\">Svenska<\/p>\n\t\t\t\t\t\t\t\n\t\t\t\t\t\t\t\t\t\t\t\t\t\t\t<div class=\"contact-info u-font-body\">\n\t\t\t\t\t\t\t\t\t\n\t\t\t\t\t\t\t\t\t\t\t\t\t\t\t\t\t\t\t\t\t\t\t\t\t\t\t\t\t\t<p class=\"email\"><a\n\t\t\t\t\t\t\t\t\t\t\t\t\thref=\"mai&#108;to&#058;&#083;&#097;mu&#101;l.&#083;&#099;&#104;l&#101;mowitz&#064;&#110;&#116;&#105;&#103;.s&#101;\"\n\t\t\t\t\t\t\t\t\t\t\t\t\tclass=\"u-text-link\">S&#097;&#109;&#117;&#101;&#108;&#046;&#083;ch&#108;e&#109;&#111;wit&#122;&#064;nti&#103;.&#115;&#101;<\/a>\n\t\t\t\t\t\t\t\t\t\t\t<\/p>\n\t\t\t\t\t\t\t\t\t\t\t\t\t\t\t\t\t\t\t\t\t\t\t\t\t\t\t<\/div>\n\t\t\t\t\t\t\t\n\t\t\t\t\t\t\t\t\t\t\t\t\t<\/div>\n\t\t\t\t\t\t<div class=\"c-card__media\">\n\t\t\t\t\t\t\t<img decoding=\"async\" width=\"400\" height=\"533\" src=\"https:\/\/ntigymnasiet.se\/wp-content\/uploads\/sites\/5\/2025\/08\/img0339-400x533.jpeg\" class=\"u-radius-round u-ratio-landscape\" alt=\"\" sizes=\"(max-width: 300px) 100vw, 300px\" srcset=\"https:\/\/ntigymnasiet.se\/wp-content\/uploads\/sites\/5\/2025\/08\/img0339-400x533.jpeg 400w, https:\/\/ntigymnasiet.se\/wp-content\/uploads\/sites\/5\/2025\/08\/img0339-300x400.jpeg 300w, https:\/\/ntigymnasiet.se\/wp-content\/uploads\/sites\/5\/2025\/08\/img0339-600x800.jpeg 600w, https:\/\/ntigymnasiet.se\/wp-content\/uploads\/sites\/5\/2025\/08\/img0339-800x1067.jpeg 800w, https:\/\/ntigymnasiet.se\/wp-content\/uploads\/sites\/5\/2025\/08\/img0339-1024x1365.jpeg 1024w, https:\/\/ntigymnasiet.se\/wp-content\/uploads\/sites\/5\/2025\/08\/img0339-1200x1600.jpeg 1200w, https:\/\/ntigymnasiet.se\/wp-content\/uploads\/sites\/5\/2025\/08\/img0339.jpeg 1536w\" \/>\n\t\t\t\t\t\t<\/div>\n\t\t\t\t\t<\/article>\n\t\t\t\t<\/li>\n\t\t\t\t\t\t\t\t\t\t\t\n\t\t\t\t\n\t\t\t\t<li class=\"l-col-6@md l-col-4@lg \" data-filter=\"elevhalsa\">\n\t\t\t\t\t<article class=\"c-card \" data-variant=\"neutral\">\n\t\t\t\t\t\t<div class=\"c-card__content u-text-center\">\n\t\t\t\t\t\t\t\t\t\t\t\t\t\t\t<h3 class=\"c-card__title u-font-title-3\">\n\t\t\t\t\t\t\t\t\tMaria Kyrlis\n\t\t\t\t\t\t\t\t<\/h3>\n\t\t\t\t\t\t\t\n\t\t\t\t\t\t\t\t\t\t\t\t\t\t\t<p class=\"position u-font-body\">Skolsk\u00f6terska<\/p>\n\t\t\t\t\t\t\t\n\t\t\t\t\t\t\t\t\t\t\t\t\t\t\t<div class=\"contact-info u-font-body\">\n\t\t\t\t\t\t\t\t\t\t\t\t\t\t\t\t\t\t\t\t\t\t\t\t\t\t\t\t\t\t<p class=\"phone\"><a\n\t\t\t\t\t\t\t\t\t\t\t\t\thref=\"tel:0703152200\"\n\t\t\t\t\t\t\t\t\t\t\t\t\tclass=\"u-text-link\">070-315 22 00<\/a>\n\t\t\t\t\t\t\t\t\t\t\t<\/p>\n\t\t\t\t\t\t\t\t\t\t\t\t\t\t\t\t\t\t\t\n\t\t\t\t\t\t\t\t\t\t\t\t\t\t\t\t\t\t\t\t\t\t\t\t\t\t\t\t\t\t<p class=\"email\"><a\n\t\t\t\t\t\t\t\t\t\t\t\t\thref=\"mail&#116;&#111;&#058;&#109;&#097;&#114;i&#097;&#046;&#107;yr&#108;&#105;s&#064;nti&#103;&#046;&#115;&#101;\"\n\t\t\t\t\t\t\t\t\t\t\t\t\tclass=\"u-text-link\">&#109;&#097;&#114;&#105;a.&#107;&#121;rl&#105;s&#064;nt&#105;g.&#115;e<\/a>\n\t\t\t\t\t\t\t\t\t\t\t<\/p>\n\t\t\t\t\t\t\t\t\t\t\t\t\t\t\t\t\t\t\t\t\t\t\t\t\t\t\t<\/div>\n\t\t\t\t\t\t\t\n\t\t\t\t\t\t\t\t\t\t\t\t\t<\/div>\n\t\t\t\t\t\t<div class=\"c-card__media\">\n\t\t\t\t\t\t\t<img decoding=\"async\" width=\"400\" height=\"533\" src=\"https:\/\/ntigymnasiet.se\/wp-content\/uploads\/sites\/5\/2025\/08\/img0350-400x533.jpeg\" class=\"u-radius-round u-ratio-landscape\" alt=\"\" sizes=\"(max-width: 300px) 100vw, 300px\" srcset=\"https:\/\/ntigymnasiet.se\/wp-content\/uploads\/sites\/5\/2025\/08\/img0350-400x533.jpeg 400w, https:\/\/ntigymnasiet.se\/wp-content\/uploads\/sites\/5\/2025\/08\/img0350-300x400.jpeg 300w, https:\/\/ntigymnasiet.se\/wp-content\/uploads\/sites\/5\/2025\/08\/img0350-600x800.jpeg 600w, https:\/\/ntigymnasiet.se\/wp-content\/uploads\/sites\/5\/2025\/08\/img0350-800x1067.jpeg 800w, https:\/\/ntigymnasiet.se\/wp-content\/uploads\/sites\/5\/2025\/08\/img0350-1024x1365.jpeg 1024w, https:\/\/ntigymnasiet.se\/wp-content\/uploads\/sites\/5\/2025\/08\/img0350-1200x1600.jpeg 1200w, https:\/\/ntigymnasiet.se\/wp-content\/uploads\/sites\/5\/2025\/08\/img0350.jpeg 1536w\" \/>\n\t\t\t\t\t\t<\/div>\n\t\t\t\t\t<\/article>\n\t\t\t\t<\/li>\n\t\t\t\t\t\t\t\t\t\t\t\n\t\t\t\t\n\t\t\t\t<li class=\"l-col-6@md l-col-4@lg \" data-filter=\"elevhalsa\">\n\t\t\t\t\t<article class=\"c-card \" data-variant=\"neutral\">\n\t\t\t\t\t\t<div class=\"c-card__content u-text-center\">\n\t\t\t\t\t\t\t\t\t\t\t\t\t\t\t<h3 class=\"c-card__title u-font-title-3\">\n\t\t\t\t\t\t\t\t\tMathilda Elme Cronholm\n\t\t\t\t\t\t\t\t<\/h3>\n\t\t\t\t\t\t\t\n\t\t\t\t\t\t\t\t\t\t\t\t\t\t\t<p class=\"position u-font-body\">Studie- och yrkesv\u00e4gledare<\/p>\n\t\t\t\t\t\t\t\n\t\t\t\t\t\t\t\t\t\t\t\t\t\t\t<div class=\"contact-info u-font-body\">\n\t\t\t\t\t\t\t\t\t\n\t\t\t\t\t\t\t\t\t\t\t\t\t\t\t\t\t\t\t\t\t\t\t\t\t\t\t\t\t\t<p class=\"email\"><a\n\t\t\t\t\t\t\t\t\t\t\t\t\thref=\"ma&#105;l&#116;&#111;:Mat&#105;&#108;&#100;a&#046;&#069;l&#109;ec&#114;&#111;n&#104;o&#108;m&#064;a&#099;a&#100;&#101;me&#100;i&#097;&#046;s&#101;\"\n\t\t\t\t\t\t\t\t\t\t\t\t\tclass=\"u-text-link\">&#077;&#097;&#116;i&#108;d&#097;.E&#108;&#109;e&#099;&#114;onholm&#064;a&#099;&#097;d&#101;&#109;&#101;&#100;&#105;&#097;&#046;s&#101;<\/a>\n\t\t\t\t\t\t\t\t\t\t\t<\/p>\n\t\t\t\t\t\t\t\t\t\t\t\t\t\t\t\t\t\t\t\t\t\t\t\t\t\t\t<\/div>\n\t\t\t\t\t\t\t\n\t\t\t\t\t\t\t\t\t\t\t\t\t<\/div>\n\t\t\t\t\t\t<div class=\"c-card__media\">\n\t\t\t\t\t\t\t<img decoding=\"async\" width=\"400\" height=\"495\" src=\"https:\/\/ntigymnasiet.se\/wp-content\/uploads\/sites\/5\/2025\/08\/img0256-400x495.jpg\" class=\"u-radius-round u-ratio-landscape\" alt=\"\" sizes=\"(max-width: 300px) 100vw, 300px\" srcset=\"https:\/\/ntigymnasiet.se\/wp-content\/uploads\/sites\/5\/2025\/08\/img0256-400x495.jpg 400w, https:\/\/ntigymnasiet.se\/wp-content\/uploads\/sites\/5\/2025\/08\/img0256-300x371.jpg 300w, https:\/\/ntigymnasiet.se\/wp-content\/uploads\/sites\/5\/2025\/08\/img0256-600x742.jpg 600w, https:\/\/ntigymnasiet.se\/wp-content\/uploads\/sites\/5\/2025\/08\/img0256-800x989.jpg 800w, https:\/\/ntigymnasiet.se\/wp-content\/uploads\/sites\/5\/2025\/08\/img0256-1024x1266.jpg 1024w, https:\/\/ntigymnasiet.se\/wp-content\/uploads\/sites\/5\/2025\/08\/img0256-1200x1484.jpg 1200w\" \/>\n\t\t\t\t\t\t<\/div>\n\t\t\t\t\t<\/article>\n\t\t\t\t<\/li>\n\t\t\t\t\t\t\t\t\t\t\t\n\t\t\t\t\n\t\t\t\t<li class=\"l-col-6@md l-col-4@lg \" data-filter=\"larare\">\n\t\t\t\t\t<article class=\"c-card \" data-variant=\"neutral\">\n\t\t\t\t\t\t<div class=\"c-card__content u-text-center\">\n\t\t\t\t\t\t\t\t\t\t\t\t\t\t\t<h3 class=\"c-card__title u-font-title-3\">\n\t\t\t\t\t\t\t\t\tMilla Varvikko\n\t\t\t\t\t\t\t\t<\/h3>\n\t\t\t\t\t\t\t\n\t\t\t\t\t\t\t\t\t\t\t\t\t\t\t<p class=\"position u-font-body\">Engelska och naturkunskap<\/p>\n\t\t\t\t\t\t\t\n\t\t\t\t\t\t\t\t\t\t\t\t\t\t\t<div class=\"contact-info u-font-body\">\n\t\t\t\t\t\t\t\t\t\n\t\t\t\t\t\t\t\t\t\t\t\t\t\t\t\t\t\t\t\t\t\t\t\t\t\t\t\t\t\t<p class=\"email\"><a\n\t\t\t\t\t\t\t\t\t\t\t\t\thref=\"m&#097;&#105;l&#116;o:&#077;i&#108;la&#046;&#080;&#121;h&#097;la&#064;nti&#103;&#046;&#115;&#101;\"\n\t\t\t\t\t\t\t\t\t\t\t\t\tclass=\"u-text-link\">Mi&#108;&#108;&#097;.&#080;y&#104;&#097;la&#064;&#110;&#116;&#105;&#103;&#046;s&#101;<\/a>\n\t\t\t\t\t\t\t\t\t\t\t<\/p>\n\t\t\t\t\t\t\t\t\t\t\t\t\t\t\t\t\t\t\t\t\t\t\t\t\t\t\t<\/div>\n\t\t\t\t\t\t\t\n\t\t\t\t\t\t\t\t\t\t\t\t\t<\/div>\n\t\t\t\t\t\t<div class=\"c-card__media\">\n\t\t\t\t\t\t\t<img decoding=\"async\" width=\"400\" height=\"533\" src=\"https:\/\/ntigymnasiet.se\/wp-content\/uploads\/sites\/5\/2025\/08\/img0351-400x533.jpeg\" class=\"u-radius-round u-ratio-landscape\" alt=\"\" sizes=\"(max-width: 300px) 100vw, 300px\" srcset=\"https:\/\/ntigymnasiet.se\/wp-content\/uploads\/sites\/5\/2025\/08\/img0351-400x533.jpeg 400w, https:\/\/ntigymnasiet.se\/wp-content\/uploads\/sites\/5\/2025\/08\/img0351-300x400.jpeg 300w, https:\/\/ntigymnasiet.se\/wp-content\/uploads\/sites\/5\/2025\/08\/img0351-600x800.jpeg 600w, https:\/\/ntigymnasiet.se\/wp-content\/uploads\/sites\/5\/2025\/08\/img0351-800x1067.jpeg 800w, https:\/\/ntigymnasiet.se\/wp-content\/uploads\/sites\/5\/2025\/08\/img0351-1024x1365.jpeg 1024w, https:\/\/ntigymnasiet.se\/wp-content\/uploads\/sites\/5\/2025\/08\/img0351-1200x1600.jpeg 1200w, https:\/\/ntigymnasiet.se\/wp-content\/uploads\/sites\/5\/2025\/08\/img0351.jpeg 1536w\" \/>\n\t\t\t\t\t\t<\/div>\n\t\t\t\t\t<\/article>\n\t\t\t\t<\/li>\n\t\t\t\t\t\t\t\t\t\t\t\n\t\t\t\t\n\t\t\t\t<li class=\"l-col-6@md l-col-4@lg \" data-filter=\"larare\">\n\t\t\t\t\t<article class=\"c-card \" data-variant=\"neutral\">\n\t\t\t\t\t\t<div class=\"c-card__content u-text-center\">\n\t\t\t\t\t\t\t\t\t\t\t\t\t\t\t<h3 class=\"c-card__title u-font-title-3\">\n\t\t\t\t\t\t\t\t\tNiklas Fransson\n\t\t\t\t\t\t\t\t<\/h3>\n\t\t\t\t\t\t\t\n\t\t\t\t\t\t\t\t\t\t\t\t\t\t\t<p class=\"position u-font-body\">Ekonomi- och handels\u00e4mnen<\/p>\n\t\t\t\t\t\t\t\n\t\t\t\t\t\t\t\t\t\t\t\t\t\t\t<div class=\"contact-info u-font-body\">\n\t\t\t\t\t\t\t\t\t\n\t\t\t\t\t\t\t\t\t\t\t\t\t\t\t\t\t\t\t\t\t\t\t\t\t\t\t\t\t\t<p class=\"email\"><a\n\t\t\t\t\t\t\t\t\t\t\t\t\thref=\"mail&#116;&#111;&#058;ni&#107;la&#115;&#046;&#102;ran&#115;&#115;o&#110;&#064;&#110;&#116;i&#103;.se\"\n\t\t\t\t\t\t\t\t\t\t\t\t\tclass=\"u-text-link\">n&#105;&#107;l&#097;&#115;.&#102;rans&#115;&#111;&#110;&#064;n&#116;i&#103;&#046;&#115;&#101;<\/a>\n\t\t\t\t\t\t\t\t\t\t\t<\/p>\n\t\t\t\t\t\t\t\t\t\t\t\t\t\t\t\t\t\t\t\t\t\t\t\t\t\t\t<\/div>\n\t\t\t\t\t\t\t\n\t\t\t\t\t\t\t\t\t\t\t\t\t<\/div>\n\t\t\t\t\t\t<div class=\"c-card__media\">\n\t\t\t\t\t\t\t<img decoding=\"async\" width=\"400\" height=\"399\" src=\"https:\/\/ntigymnasiet.se\/wp-content\/uploads\/sites\/5\/2023\/05\/niklas-fransson-400x399.jpg\" class=\"u-radius-round u-ratio-landscape\" alt=\"Niklas Fransson.\" sizes=\"(max-width: 300px) 100vw, 300px\" srcset=\"https:\/\/ntigymnasiet.se\/wp-content\/uploads\/sites\/5\/2023\/05\/niklas-fransson-400x399.jpg 400w, https:\/\/ntigymnasiet.se\/wp-content\/uploads\/sites\/5\/2023\/05\/niklas-fransson-150x150.jpg 150w, https:\/\/ntigymnasiet.se\/wp-content\/uploads\/sites\/5\/2023\/05\/niklas-fransson-300x299.jpg 300w, https:\/\/ntigymnasiet.se\/wp-content\/uploads\/sites\/5\/2023\/05\/niklas-fransson.jpg 500w\" \/>\n\t\t\t\t\t\t<\/div>\n\t\t\t\t\t<\/article>\n\t\t\t\t<\/li>\n\t\t\t\t\t\t\t\t\t\t\t\n\t\t\t\t\n\t\t\t\t<li class=\"l-col-6@md l-col-4@lg \" data-filter=\"larare\">\n\t\t\t\t\t<article class=\"c-card \" data-variant=\"neutral\">\n\t\t\t\t\t\t<div class=\"c-card__content u-text-center\">\n\t\t\t\t\t\t\t\t\t\t\t\t\t\t\t<h3 class=\"c-card__title u-font-title-3\">\n\t\t\t\t\t\t\t\t\tPeter Edvardsson\n\t\t\t\t\t\t\t\t<\/h3>\n\t\t\t\t\t\t\t\n\t\t\t\t\t\t\t\t\t\t\t\t\t\t\t<p class=\"position u-font-body\">Samh\u00e4llskunskap och historia. Arbetslagsledare EK. <\/p>\n\t\t\t\t\t\t\t\n\t\t\t\t\t\t\t\t\t\t\t\t\t\t\t<div class=\"contact-info u-font-body\">\n\t\t\t\t\t\t\t\t\t\n\t\t\t\t\t\t\t\t\t\t\t\t\t\t\t\t\t\t\t\t\t\t\t\t\t\t\t\t\t\t<p class=\"email\"><a\n\t\t\t\t\t\t\t\t\t\t\t\t\thref=\"m&#097;&#105;lto&#058;p&#101;&#116;e&#114;.e&#100;&#118;&#097;r&#100;&#115;&#115;&#111;&#110;&#064;n&#116;&#105;&#103;.&#115;&#101;\"\n\t\t\t\t\t\t\t\t\t\t\t\t\tclass=\"u-text-link\">pe&#116;&#101;&#114;&#046;&#101;dv&#097;&#114;dsson&#064;&#110;t&#105;&#103;&#046;s&#101;<\/a>\n\t\t\t\t\t\t\t\t\t\t\t<\/p>\n\t\t\t\t\t\t\t\t\t\t\t\t\t\t\t\t\t\t\t\t\t\t\t\t\t\t\t<\/div>\n\t\t\t\t\t\t\t\n\t\t\t\t\t\t\t\t\t\t\t\t\t<\/div>\n\t\t\t\t\t\t<div class=\"c-card__media\">\n\t\t\t\t\t\t\t<img decoding=\"async\" width=\"400\" height=\"533\" src=\"https:\/\/ntigymnasiet.se\/wp-content\/uploads\/sites\/5\/2025\/08\/img0356-400x533.jpeg\" class=\"u-radius-round u-ratio-landscape\" alt=\"\" sizes=\"(max-width: 300px) 100vw, 300px\" srcset=\"https:\/\/ntigymnasiet.se\/wp-content\/uploads\/sites\/5\/2025\/08\/img0356-400x533.jpeg 400w, https:\/\/ntigymnasiet.se\/wp-content\/uploads\/sites\/5\/2025\/08\/img0356-300x400.jpeg 300w, https:\/\/ntigymnasiet.se\/wp-content\/uploads\/sites\/5\/2025\/08\/img0356-600x800.jpeg 600w, https:\/\/ntigymnasiet.se\/wp-content\/uploads\/sites\/5\/2025\/08\/img0356-800x1067.jpeg 800w, https:\/\/ntigymnasiet.se\/wp-content\/uploads\/sites\/5\/2025\/08\/img0356-1024x1365.jpeg 1024w, https:\/\/ntigymnasiet.se\/wp-content\/uploads\/sites\/5\/2025\/08\/img0356-1200x1600.jpeg 1200w, https:\/\/ntigymnasiet.se\/wp-content\/uploads\/sites\/5\/2025\/08\/img0356.jpeg 1536w\" \/>\n\t\t\t\t\t\t<\/div>\n\t\t\t\t\t<\/article>\n\t\t\t\t<\/li>\n\t\t\t\t\t\t\t\t\t\t\t\n\t\t\t\t\n\t\t\t\t<li class=\"l-col-6@md l-col-4@lg \" data-filter=\"larare\">\n\t\t\t\t\t<article class=\"c-card \" data-variant=\"neutral\">\n\t\t\t\t\t\t<div class=\"c-card__content u-text-center\">\n\t\t\t\t\t\t\t\t\t\t\t\t\t\t\t<h3 class=\"c-card__title u-font-title-3\">\n\t\t\t\t\t\t\t\t\tPeter M\u00e5rtensson\n\t\t\t\t\t\t\t\t<\/h3>\n\t\t\t\t\t\t\t\n\t\t\t\t\t\t\t\t\t\t\t\t\t\t\t<p class=\"position u-font-body\">Ekonomi- och handels\u00e4mnen<\/p>\n\t\t\t\t\t\t\t\n\t\t\t\t\t\t\t\t\t\t\t\t\t\t\t<div class=\"contact-info u-font-body\">\n\t\t\t\t\t\t\t\t\t\n\t\t\t\t\t\t\t\t\t\t\t\t\t\t\t\t\t\t\t\t\t\t\t\t\t\t\t\t\t\t<p class=\"email\"><a\n\t\t\t\t\t\t\t\t\t\t\t\t\thref=\"m&#097;&#105;&#108;to:pe&#116;er.&#109;a&#114;&#116;&#101;nss&#111;&#110;&#064;&#110;&#116;&#105;&#103;&#046;s&#101;\"\n\t\t\t\t\t\t\t\t\t\t\t\t\tclass=\"u-text-link\">pe&#116;&#101;&#114;.&#109;a&#114;&#116;&#101;nsson&#064;&#110;&#116;ig.&#115;e<\/a>\n\t\t\t\t\t\t\t\t\t\t\t<\/p>\n\t\t\t\t\t\t\t\t\t\t\t\t\t\t\t\t\t\t\t\t\t\t\t\t\t\t\t<\/div>\n\t\t\t\t\t\t\t\n\t\t\t\t\t\t\t\t\t\t\t\t\t<\/div>\n\t\t\t\t\t\t<div class=\"c-card__media\">\n\t\t\t\t\t\t\t<img decoding=\"async\" width=\"400\" height=\"400\" src=\"https:\/\/ntigymnasiet.se\/wp-content\/uploads\/sites\/5\/2023\/05\/peter-martensson-400x400.jpg\" class=\"u-radius-round u-ratio-landscape\" alt=\"Peter M\u00e5rtensson.\" sizes=\"(max-width: 300px) 100vw, 300px\" srcset=\"https:\/\/ntigymnasiet.se\/wp-content\/uploads\/sites\/5\/2023\/05\/peter-martensson-400x400.jpg 400w, https:\/\/ntigymnasiet.se\/wp-content\/uploads\/sites\/5\/2023\/05\/peter-martensson-150x150.jpg 150w, https:\/\/ntigymnasiet.se\/wp-content\/uploads\/sites\/5\/2023\/05\/peter-martensson-300x300.jpg 300w, https:\/\/ntigymnasiet.se\/wp-content\/uploads\/sites\/5\/2023\/05\/peter-martensson.jpg 499w\" \/>\n\t\t\t\t\t\t<\/div>\n\t\t\t\t\t<\/article>\n\t\t\t\t<\/li>\n\t\t\t\t\t\t\t\t\t\t\t\n\t\t\t\t\n\t\t\t\t<li class=\"l-col-6@md l-col-4@lg \" data-filter=\"elevhalsa\">\n\t\t\t\t\t<article class=\"c-card \" data-variant=\"neutral\">\n\t\t\t\t\t\t<div class=\"c-card__content u-text-center\">\n\t\t\t\t\t\t\t\t\t\t\t\t\t\t\t<h3 class=\"c-card__title u-font-title-3\">\n\t\t\t\t\t\t\t\t\tSanne Sundstr\u00f6m\n\t\t\t\t\t\t\t\t<\/h3>\n\t\t\t\t\t\t\t\n\t\t\t\t\t\t\t\t\t\t\t\t\t\t\t<p class=\"position u-font-body\">Specialpedagog<\/p>\n\t\t\t\t\t\t\t\n\t\t\t\t\t\t\t\t\t\t\t\t\t\t\t<div class=\"contact-info u-font-body\">\n\t\t\t\t\t\t\t\t\t\t\t\t\t\t\t\t\t\t\t\t\t\t\t\t\t\t\t\t\t\t<p class=\"phone\"><a\n\t\t\t\t\t\t\t\t\t\t\t\t\thref=\"tel:0761131364\"\n\t\t\t\t\t\t\t\t\t\t\t\t\tclass=\"u-text-link\">076-113 13 64<\/a>\n\t\t\t\t\t\t\t\t\t\t\t<\/p>\n\t\t\t\t\t\t\t\t\t\t\t\t\t\t\t\t\t\t\t\n\t\t\t\t\t\t\t\t\t\t\t\t\t\t\t\t\t\t\t\t\t\t\t\t\t\t\t\t\t\t<p class=\"email\"><a\n\t\t\t\t\t\t\t\t\t\t\t\t\thref=\"&#109;&#097;&#105;lt&#111;&#058;Sa&#110;n&#101;&#046;S&#117;nds&#116;r&#111;m&#064;n&#116;i&#103;&#046;se\"\n\t\t\t\t\t\t\t\t\t\t\t\t\tclass=\"u-text-link\">S&#097;n&#110;e.S&#117;n&#100;st&#114;&#111;&#109;&#064;&#110;ti&#103;.se<\/a>\n\t\t\t\t\t\t\t\t\t\t\t<\/p>\n\t\t\t\t\t\t\t\t\t\t\t\t\t\t\t\t\t\t\t\t\t\t\t\t\t\t\t<\/div>\n\t\t\t\t\t\t\t\n\t\t\t\t\t\t\t\t\t\t\t\t\t<\/div>\n\t\t\t\t\t\t<div class=\"c-card__media\">\n\t\t\t\t\t\t\t<img decoding=\"async\" width=\"400\" height=\"533\" src=\"https:\/\/ntigymnasiet.se\/wp-content\/uploads\/sites\/5\/2025\/08\/img0342-400x533.jpeg\" class=\"u-radius-round u-ratio-landscape\" alt=\"\" sizes=\"(max-width: 300px) 100vw, 300px\" srcset=\"https:\/\/ntigymnasiet.se\/wp-content\/uploads\/sites\/5\/2025\/08\/img0342-400x533.jpeg 400w, https:\/\/ntigymnasiet.se\/wp-content\/uploads\/sites\/5\/2025\/08\/img0342-300x400.jpeg 300w, https:\/\/ntigymnasiet.se\/wp-content\/uploads\/sites\/5\/2025\/08\/img0342-600x800.jpeg 600w, https:\/\/ntigymnasiet.se\/wp-content\/uploads\/sites\/5\/2025\/08\/img0342-800x1067.jpeg 800w, https:\/\/ntigymnasiet.se\/wp-content\/uploads\/sites\/5\/2025\/08\/img0342-1024x1365.jpeg 1024w, https:\/\/ntigymnasiet.se\/wp-content\/uploads\/sites\/5\/2025\/08\/img0342-1200x1600.jpeg 1200w, https:\/\/ntigymnasiet.se\/wp-content\/uploads\/sites\/5\/2025\/08\/img0342.jpeg 1536w\" \/>\n\t\t\t\t\t\t<\/div>\n\t\t\t\t\t<\/article>\n\t\t\t\t<\/li>\n\t\t\t\t\t\t\t\t\t\t\t\n\t\t\t\t\n\t\t\t\t<li class=\"l-col-6@md l-col-4@lg \" data-filter=\"larare\">\n\t\t\t\t\t<article class=\"c-card \" data-variant=\"neutral\">\n\t\t\t\t\t\t<div class=\"c-card__content u-text-center\">\n\t\t\t\t\t\t\t\t\t\t\t\t\t\t\t<h3 class=\"c-card__title u-font-title-3\">\n\t\t\t\t\t\t\t\t\tMagnus Jansson\n\t\t\t\t\t\t\t\t<\/h3>\n\t\t\t\t\t\t\t\n\t\t\t\t\t\t\t\t\t\t\t\t\t\t\t<p class=\"position u-font-body\">Juridik och tyska<\/p>\n\t\t\t\t\t\t\t\n\t\t\t\t\t\t\t\t\t\t\t\t\t\t\t<div class=\"contact-info u-font-body\">\n\t\t\t\t\t\t\t\t\t\n\t\t\t\t\t\t\t\t\t\t\t\t\t\t\t\t\t\t\t\t\t\t\t\t\t\t\t\t\t\t<p class=\"email\"><a\n\t\t\t\t\t\t\t\t\t\t\t\t\thref=\"&#109;ailto&#058;&#077;&#097;g&#110;u&#115;.&#074;&#097;&#110;&#115;son&#064;n&#116;&#105;&#103;&#046;s&#101;\"\n\t\t\t\t\t\t\t\t\t\t\t\t\tclass=\"u-text-link\">&#077;ag&#110;&#117;s.Jan&#115;&#115;&#111;&#110;&#064;n&#116;ig&#046;&#115;e<\/a>\n\t\t\t\t\t\t\t\t\t\t\t<\/p>\n\t\t\t\t\t\t\t\t\t\t\t\t\t\t\t\t\t\t\t\t\t\t\t\t\t\t\t<\/div>\n\t\t\t\t\t\t\t\n\t\t\t\t\t\t\t\t\t\t\t\t\t<\/div>\n\t\t\t\t\t\t<div class=\"c-card__media\">\n\t\t\t\t\t\t\t<img decoding=\"async\" width=\"400\" height=\"533\" src=\"https:\/\/ntigymnasiet.se\/wp-content\/uploads\/sites\/5\/2025\/08\/img0340-400x533.jpeg\" class=\"u-radius-round u-ratio-landscape\" alt=\"\" sizes=\"(max-width: 300px) 100vw, 300px\" srcset=\"https:\/\/ntigymnasiet.se\/wp-content\/uploads\/sites\/5\/2025\/08\/img0340-400x533.jpeg 400w, https:\/\/ntigymnasiet.se\/wp-content\/uploads\/sites\/5\/2025\/08\/img0340-300x400.jpeg 300w, https:\/\/ntigymnasiet.se\/wp-content\/uploads\/sites\/5\/2025\/08\/img0340-600x800.jpeg 600w, https:\/\/ntigymnasiet.se\/wp-content\/uploads\/sites\/5\/2025\/08\/img0340-800x1067.jpeg 800w, https:\/\/ntigymnasiet.se\/wp-content\/uploads\/sites\/5\/2025\/08\/img0340-1024x1365.jpeg 1024w, https:\/\/ntigymnasiet.se\/wp-content\/uploads\/sites\/5\/2025\/08\/img0340-1200x1600.jpeg 1200w, https:\/\/ntigymnasiet.se\/wp-content\/uploads\/sites\/5\/2025\/08\/img0340.jpeg 1536w\" \/>\n\t\t\t\t\t\t<\/div>\n\t\t\t\t\t<\/article>\n\t\t\t\t<\/li>\n\t\t\t\t\t\t\t\t\t\t\t\n\t\t\t\t\n\t\t\t\t<li class=\"l-col-6@md l-col-4@lg \" data-filter=\"larare\">\n\t\t\t\t\t<article class=\"c-card \" data-variant=\"neutral\">\n\t\t\t\t\t\t<div class=\"c-card__content u-text-center\">\n\t\t\t\t\t\t\t\t\t\t\t\t\t\t\t<h3 class=\"c-card__title u-font-title-3\">\n\t\t\t\t\t\t\t\t\tSebastian Fransson\n\t\t\t\t\t\t\t\t<\/h3>\n\t\t\t\t\t\t\t\n\t\t\t\t\t\t\t\t\t\t\t\t\t\t\t<p class=\"position u-font-body\">Matematik. F\u00f6rstel\u00e4rare.<\/p>\n\t\t\t\t\t\t\t\n\t\t\t\t\t\t\t\t\t\t\t\t\t\t\t<div class=\"contact-info u-font-body\">\n\t\t\t\t\t\t\t\t\t\n\t\t\t\t\t\t\t\t\t\t\t\t\t\t\t\t\t\t\t\t\t\t\t\t\t\t\t\t\t\t<p class=\"email\"><a\n\t\t\t\t\t\t\t\t\t\t\t\t\thref=\"&#109;ail&#116;&#111;:&#115;&#101;b&#097;&#115;&#116;&#105;&#097;n.&#102;ra&#110;&#115;&#115;on&#064;&#110;tig&#046;&#115;&#101;\"\n\t\t\t\t\t\t\t\t\t\t\t\t\tclass=\"u-text-link\">s&#101;ba&#115;ti&#097;&#110;.&#102;&#114;ans&#115;on&#064;&#110;t&#105;g.&#115;e<\/a>\n\t\t\t\t\t\t\t\t\t\t\t<\/p>\n\t\t\t\t\t\t\t\t\t\t\t\t\t\t\t\t\t\t\t\t\t\t\t\t\t\t\t<\/div>\n\t\t\t\t\t\t\t\n\t\t\t\t\t\t\t\t\t\t\t\t\t<\/div>\n\t\t\t\t\t\t<div class=\"c-card__media\">\n\t\t\t\t\t\t\t<img decoding=\"async\" width=\"393\" height=\"393\" src=\"https:\/\/ntigymnasiet.se\/wp-content\/uploads\/sites\/5\/2023\/05\/sebastian-fransson.jpg\" class=\"u-radius-round u-ratio-landscape\" alt=\"Sebastian Fransson.\" sizes=\"(max-width: 300px) 100vw, 300px\" srcset=\"https:\/\/ntigymnasiet.se\/wp-content\/uploads\/sites\/5\/2023\/05\/sebastian-fransson.jpg 393w, https:\/\/ntigymnasiet.se\/wp-content\/uploads\/sites\/5\/2023\/05\/sebastian-fransson-150x150.jpg 150w, https:\/\/ntigymnasiet.se\/wp-content\/uploads\/sites\/5\/2023\/05\/sebastian-fransson-300x300.jpg 300w\" \/>\n\t\t\t\t\t\t<\/div>\n\t\t\t\t\t<\/article>\n\t\t\t\t<\/li>\n\t\t\t\t\t\t\t\t\t\t\t\n\t\t\t\t\n\t\t\t\t<li class=\"l-col-6@md l-col-4@lg \" data-filter=\"elevhalsa\">\n\t\t\t\t\t<article class=\"c-card \" data-variant=\"neutral\">\n\t\t\t\t\t\t<div class=\"c-card__content u-text-center\">\n\t\t\t\t\t\t\t\t\t\t\t\t\t\t\t<h3 class=\"c-card__title u-font-title-3\">\n\t\t\t\t\t\t\t\t\tShohreh Valikhany\n\t\t\t\t\t\t\t\t<\/h3>\n\t\t\t\t\t\t\t\n\t\t\t\t\t\t\t\t\t\t\t\t\t\t\t<p class=\"position u-font-body\">Skolsk\u00f6terska<\/p>\n\t\t\t\t\t\t\t\n\t\t\t\t\t\t\t\t\t\t\t\t\t\t\t<div class=\"contact-info u-font-body\">\n\t\t\t\t\t\t\t\t\t\n\t\t\t\t\t\t\t\t\t\t\t\t\t\t\t\t\t\t\t\t\t\t\t\t\t\t\t\t\t\t<p class=\"email\"><a\n\t\t\t\t\t\t\t\t\t\t\t\t\thref=\"&#109;&#097;i&#108;&#116;&#111;:&#115;&#104;&#111;&#104;&#114;&#101;&#104;.&#118;al&#105;&#107;h&#097;&#110;y&#064;&#097;&#099;ade&#109;e&#100;ia.s&#101;\"\n\t\t\t\t\t\t\t\t\t\t\t\t\tclass=\"u-text-link\">s&#104;o&#104;r&#101;&#104;.&#118;&#097;&#108;&#105;k&#104;&#097;&#110;&#121;&#064;ac&#097;&#100;&#101;m&#101;d&#105;&#097;.&#115;e<\/a>\n\t\t\t\t\t\t\t\t\t\t\t<\/p>\n\t\t\t\t\t\t\t\t\t\t\t\t\t\t\t\t\t\t\t\t\t\t\t\t\t\t\t<\/div>\n\t\t\t\t\t\t\t\n\t\t\t\t\t\t\t\t\t\t\t\t\t<\/div>\n\t\t\t\t\t\t<div class=\"c-card__media\">\n\t\t\t\t\t\t\t<img decoding=\"async\" width=\"400\" height=\"533\" src=\"https:\/\/ntigymnasiet.se\/wp-content\/uploads\/sites\/5\/2025\/09\/shoreh.jpg\" class=\"u-radius-round u-ratio-landscape\" alt=\"Skolpersonal.\" sizes=\"(max-width: 300px) 100vw, 300px\" srcset=\"https:\/\/ntigymnasiet.se\/wp-content\/uploads\/sites\/5\/2025\/09\/shoreh.jpg 400w, https:\/\/ntigymnasiet.se\/wp-content\/uploads\/sites\/5\/2025\/09\/shoreh-300x400.jpg 300w\" \/>\n\t\t\t\t\t\t<\/div>\n\t\t\t\t\t<\/article>\n\t\t\t\t<\/li>\n\t\t\t\t\t\t\t\t\t\t\t\n\t\t\t\t\n\t\t\t\t<li class=\"l-col-6@md l-col-4@lg \" data-filter=\"larare\">\n\t\t\t\t\t<article class=\"c-card \" data-variant=\"neutral\">\n\t\t\t\t\t\t<div class=\"c-card__content u-text-center\">\n\t\t\t\t\t\t\t\t\t\t\t\t\t\t\t<h3 class=\"c-card__title u-font-title-3\">\n\t\t\t\t\t\t\t\t\tSusan Hedstr\u00f6m\n\t\t\t\t\t\t\t\t<\/h3>\n\t\t\t\t\t\t\t\n\t\t\t\t\t\t\t\t\t\t\t\t\t\t\t<p class=\"position u-font-body\">Handels\u00e4mnen<\/p>\n\t\t\t\t\t\t\t\n\t\t\t\t\t\t\t\t\t\t\t\t\t\t\t<div class=\"contact-info u-font-body\">\n\t\t\t\t\t\t\t\t\t\n\t\t\t\t\t\t\t\t\t\t\t\t\t\t\t\t\t\t\t\t\t\t\t\t\t\t\t\t\t\t<p class=\"email\"><a\n\t\t\t\t\t\t\t\t\t\t\t\t\thref=\"mai&#108;&#116;&#111;&#058;s&#117;&#115;an.h&#101;d&#115;&#116;&#114;&#111;m&#064;nti&#103;&#046;&#115;&#101;\"\n\t\t\t\t\t\t\t\t\t\t\t\t\tclass=\"u-text-link\">&#115;usa&#110;&#046;&#104;e&#100;s&#116;&#114;&#111;m&#064;&#110;ti&#103;&#046;s&#101;<\/a>\n\t\t\t\t\t\t\t\t\t\t\t<\/p>\n\t\t\t\t\t\t\t\t\t\t\t\t\t\t\t\t\t\t\t\t\t\t\t\t\t\t\t<\/div>\n\t\t\t\t\t\t\t\n\t\t\t\t\t\t\t\t\t\t\t\t\t<\/div>\n\t\t\t\t\t\t<div class=\"c-card__media\">\n\t\t\t\t\t\t\t<img decoding=\"async\" width=\"113\" height=\"200\" src=\"https:\/\/ntigymnasiet.se\/wp-content\/uploads\/sites\/5\/2025\/08\/img5280.jpg\" class=\"u-radius-round u-ratio-landscape\" alt=\"Skolpersonal.\" sizes=\"(max-width: 300px) 100vw, 300px\" \/>\n\t\t\t\t\t\t<\/div>\n\t\t\t\t\t<\/article>\n\t\t\t\t<\/li>\n\t\t\t\t\t\t\t\t\t\t\t\n\t\t\t\t\n\t\t\t\t<li class=\"l-col-6@md l-col-4@lg \" data-filter=\"larare\">\n\t\t\t\t\t<article class=\"c-card \" data-variant=\"neutral\">\n\t\t\t\t\t\t<div class=\"c-card__content u-text-center\">\n\t\t\t\t\t\t\t\t\t\t\t\t\t\t\t<h3 class=\"c-card__title u-font-title-3\">\n\t\t\t\t\t\t\t\t\tTanja Ylvenius\n\t\t\t\t\t\t\t\t<\/h3>\n\t\t\t\t\t\t\t\n\t\t\t\t\t\t\t\t\t\t\t\t\t\t\t<p class=\"position u-font-body\">Svenska och marknadsf\u00f6ring<\/p>\n\t\t\t\t\t\t\t\n\t\t\t\t\t\t\t\t\t\t\t\t\t\t\t<div class=\"contact-info u-font-body\">\n\t\t\t\t\t\t\t\t\t\n\t\t\t\t\t\t\t\t\t\t\t\t\t\t\t\t\t\t\t\t\t\t\t\t\t\t\t\t\t\t<p class=\"email\"><a\n\t\t\t\t\t\t\t\t\t\t\t\t\thref=\"mai&#108;t&#111;&#058;&#116;&#097;&#110;ja&#115;ofiase&#121;d.&#121;lven&#105;&#117;s&#064;&#110;&#116;i&#103;&#046;&#115;e\"\n\t\t\t\t\t\t\t\t\t\t\t\t\tclass=\"u-text-link\">t&#097;&#110;j&#097;s&#111;&#102;&#105;a&#115;ey&#100;.y&#108;v&#101;n&#105;&#117;s&#064;&#110;tig.s&#101;<\/a>\n\t\t\t\t\t\t\t\t\t\t\t<\/p>\n\t\t\t\t\t\t\t\t\t\t\t\t\t\t\t\t\t\t\t\t\t\t\t\t\t\t\t<\/div>\n\t\t\t\t\t\t\t\n\t\t\t\t\t\t\t\t\t\t\t\t\t<\/div>\n\t\t\t\t\t\t<div class=\"c-card__media\">\n\t\t\t\t\t\t\t<img decoding=\"async\" width=\"400\" height=\"400\" src=\"https:\/\/ntigymnasiet.se\/wp-content\/uploads\/sites\/5\/2023\/05\/tanja-ylvenius-400x400.jpg\" class=\"u-radius-round u-ratio-landscape\" alt=\"Tanja Ylvenius.\" sizes=\"(max-width: 300px) 100vw, 300px\" srcset=\"https:\/\/ntigymnasiet.se\/wp-content\/uploads\/sites\/5\/2023\/05\/tanja-ylvenius-400x400.jpg 400w, https:\/\/ntigymnasiet.se\/wp-content\/uploads\/sites\/5\/2023\/05\/tanja-ylvenius-150x150.jpg 150w, https:\/\/ntigymnasiet.se\/wp-content\/uploads\/sites\/5\/2023\/05\/tanja-ylvenius-300x300.jpg 300w, https:\/\/ntigymnasiet.se\/wp-content\/uploads\/sites\/5\/2023\/05\/tanja-ylvenius-600x600.jpg 600w, https:\/\/ntigymnasiet.se\/wp-content\/uploads\/sites\/5\/2023\/05\/tanja-ylvenius.jpg 767w\" \/>\n\t\t\t\t\t\t<\/div>\n\t\t\t\t\t<\/article>\n\t\t\t\t<\/li>\n\t\t\t\t\t\t\t\t\t\t\t\n\t\t\t\t\n\t\t\t\t<li class=\"l-col-6@md l-col-4@lg \" data-filter=\"larare\">\n\t\t\t\t\t<article class=\"c-card \" data-variant=\"neutral\">\n\t\t\t\t\t\t<div class=\"c-card__content u-text-center\">\n\t\t\t\t\t\t\t\t\t\t\t\t\t\t\t<h3 class=\"c-card__title u-font-title-3\">\n\t\t\t\t\t\t\t\t\tThomas Pettersson\n\t\t\t\t\t\t\t\t<\/h3>\n\t\t\t\t\t\t\t\n\t\t\t\t\t\t\t\t\t\t\t\t\t\t\t<p class=\"position u-font-body\">Matematik<\/p>\n\t\t\t\t\t\t\t\n\t\t\t\t\t\t\t\t\t\t\t\t\t\t\t<div class=\"contact-info u-font-body\">\n\t\t\t\t\t\t\t\t\t\n\t\t\t\t\t\t\t\t\t\t\t\t\t\t\t\t\t\t\t\t\t\t\t\t\t\t\t\t\t\t<p class=\"email\"><a\n\t\t\t\t\t\t\t\t\t\t\t\t\thref=\"&#109;ai&#108;t&#111;&#058;Tho&#109;&#097;&#115;.&#080;&#101;t&#116;e&#114;&#115;son&#064;&#110;ti&#103;&#046;&#115;e\"\n\t\t\t\t\t\t\t\t\t\t\t\t\tclass=\"u-text-link\">Th&#111;&#109;as&#046;&#080;&#101;t&#116;e&#114;&#115;s&#111;&#110;&#064;&#110;t&#105;g&#046;&#115;&#101;<\/a>\n\t\t\t\t\t\t\t\t\t\t\t<\/p>\n\t\t\t\t\t\t\t\t\t\t\t\t\t\t\t\t\t\t\t\t\t\t\t\t\t\t\t<\/div>\n\t\t\t\t\t\t\t\n\t\t\t\t\t\t\t\t\t\t\t\t\t<\/div>\n\t\t\t\t\t\t<div class=\"c-card__media\">\n\t\t\t\t\t\t\t<img decoding=\"async\" width=\"400\" height=\"533\" src=\"https:\/\/ntigymnasiet.se\/wp-content\/uploads\/sites\/5\/2025\/08\/img0269-400x533.jpeg\" class=\"u-radius-round u-ratio-landscape\" alt=\"\" sizes=\"(max-width: 300px) 100vw, 300px\" srcset=\"https:\/\/ntigymnasiet.se\/wp-content\/uploads\/sites\/5\/2025\/08\/img0269-400x533.jpeg 400w, https:\/\/ntigymnasiet.se\/wp-content\/uploads\/sites\/5\/2025\/08\/img0269-300x400.jpeg 300w, https:\/\/ntigymnasiet.se\/wp-content\/uploads\/sites\/5\/2025\/08\/img0269-600x800.jpeg 600w, https:\/\/ntigymnasiet.se\/wp-content\/uploads\/sites\/5\/2025\/08\/img0269-800x1067.jpeg 800w, https:\/\/ntigymnasiet.se\/wp-content\/uploads\/sites\/5\/2025\/08\/img0269-1024x1365.jpeg 1024w, https:\/\/ntigymnasiet.se\/wp-content\/uploads\/sites\/5\/2025\/08\/img0269-1200x1600.jpeg 1200w, https:\/\/ntigymnasiet.se\/wp-content\/uploads\/sites\/5\/2025\/08\/img0269-scaled.jpeg 1920w\" \/>\n\t\t\t\t\t\t<\/div>\n\t\t\t\t\t<\/article>\n\t\t\t\t<\/li>\n\t\t\t\t\t\t\t\t\t\t\t\n\t\t\t\t\n\t\t\t\t<li class=\"l-col-6@md l-col-4@lg \" data-filter=\"larare\">\n\t\t\t\t\t<article class=\"c-card \" data-variant=\"neutral\">\n\t\t\t\t\t\t<div class=\"c-card__content u-text-center\">\n\t\t\t\t\t\t\t\t\t\t\t\t\t\t\t<h3 class=\"c-card__title u-font-title-3\">\n\t\t\t\t\t\t\t\t\tThomas S\u00e4\u00e4f\n\t\t\t\t\t\t\t\t<\/h3>\n\t\t\t\t\t\t\t\n\t\t\t\t\t\t\t\t\t\t\t\t\t\t\t<p class=\"position u-font-body\">Matematik<\/p>\n\t\t\t\t\t\t\t\n\t\t\t\t\t\t\t\t\t\t\t\t\t\t\t<div class=\"contact-info u-font-body\">\n\t\t\t\t\t\t\t\t\t\n\t\t\t\t\t\t\t\t\t\t\t\t\t\t\t\t\t\t\t\t\t\t\t\t\t\t\t\t\t\t<p class=\"email\"><a\n\t\t\t\t\t\t\t\t\t\t\t\t\thref=\"m&#097;&#105;l&#116;o&#058;t&#104;oma&#115;&#046;s&#097;&#097;f&#064;n&#116;&#105;g&#046;&#115;e\"\n\t\t\t\t\t\t\t\t\t\t\t\t\tclass=\"u-text-link\">tho&#109;&#097;s.&#115;&#097;a&#102;&#064;nt&#105;g.se<\/a>\n\t\t\t\t\t\t\t\t\t\t\t<\/p>\n\t\t\t\t\t\t\t\t\t\t\t\t\t\t\t\t\t\t\t\t\t\t\t\t\t\t\t<\/div>\n\t\t\t\t\t\t\t\n\t\t\t\t\t\t\t\t\t\t\t\t\t<\/div>\n\t\t\t\t\t\t<div class=\"c-card__media\">\n\t\t\t\t\t\t\t<img decoding=\"async\" width=\"400\" height=\"533\" src=\"https:\/\/ntigymnasiet.se\/wp-content\/uploads\/sites\/5\/2025\/08\/img0352-400x533.jpeg\" class=\"u-radius-round u-ratio-landscape\" alt=\"\" sizes=\"(max-width: 300px) 100vw, 300px\" srcset=\"https:\/\/ntigymnasiet.se\/wp-content\/uploads\/sites\/5\/2025\/08\/img0352-400x533.jpeg 400w, https:\/\/ntigymnasiet.se\/wp-content\/uploads\/sites\/5\/2025\/08\/img0352-300x400.jpeg 300w, https:\/\/ntigymnasiet.se\/wp-content\/uploads\/sites\/5\/2025\/08\/img0352-600x800.jpeg 600w, https:\/\/ntigymnasiet.se\/wp-content\/uploads\/sites\/5\/2025\/08\/img0352-800x1067.jpeg 800w, https:\/\/ntigymnasiet.se\/wp-content\/uploads\/sites\/5\/2025\/08\/img0352-1024x1365.jpeg 1024w, https:\/\/ntigymnasiet.se\/wp-content\/uploads\/sites\/5\/2025\/08\/img0352-1200x1600.jpeg 1200w, https:\/\/ntigymnasiet.se\/wp-content\/uploads\/sites\/5\/2025\/08\/img0352.jpeg 1536w\" \/>\n\t\t\t\t\t\t<\/div>\n\t\t\t\t\t<\/article>\n\t\t\t\t<\/li>\n\t\t\t\t\t\t\t\t\t\t\t\n\t\t\t\t\n\t\t\t\t<li class=\"l-col-6@md l-col-4@lg \" data-filter=\"ledning\">\n\t\t\t\t\t<article class=\"c-card \" data-variant=\"neutral\">\n\t\t\t\t\t\t<div class=\"c-card__content u-text-center\">\n\t\t\t\t\t\t\t\t\t\t\t\t\t\t\t<h3 class=\"c-card__title u-font-title-3\">\n\t\t\t\t\t\t\t\t\tMalin Granlund \n\t\t\t\t\t\t\t\t<\/h3>\n\t\t\t\t\t\t\t\n\t\t\t\t\t\t\t\t\t\t\t\t\t\t\t<p class=\"position u-font-body\">Rektor (f\u00f6r\u00e4ldraledig till september 2027)<\/p>\n\t\t\t\t\t\t\t\n\t\t\t\t\t\t\t\t\t\t\t\t\t\t\t<div class=\"contact-info u-font-body\">\n\t\t\t\t\t\t\t\t\t\t\t\t\t\t\t\t\t\t\t\t\t\t\t\t\t\t\t\t\t\t<p class=\"phone\"><a\n\t\t\t\t\t\t\t\t\t\t\t\t\thref=\"tel:0761092403\"\n\t\t\t\t\t\t\t\t\t\t\t\t\tclass=\"u-text-link\">076-109 24 03<\/a>\n\t\t\t\t\t\t\t\t\t\t\t<\/p>\n\t\t\t\t\t\t\t\t\t\t\t\t\t\t\t\t\t\t\t\n\t\t\t\t\t\t\t\t\t\t\t\t\t\t\t\t\t\t\t\t\t\t\t\t\t\t\t\t\t\t<p class=\"email\"><a\n\t\t\t\t\t\t\t\t\t\t\t\t\thref=\"ma&#105;&#108;to:ma&#108;&#105;&#110;.&#103;ra&#110;&#108;u&#110;&#100;&#064;&#110;&#116;i&#103;.&#115;&#101;\"\n\t\t\t\t\t\t\t\t\t\t\t\t\tclass=\"u-text-link\">&#109;a&#108;i&#110;.gr&#097;n&#108;u&#110;&#100;&#064;n&#116;ig.&#115;e<\/a>\n\t\t\t\t\t\t\t\t\t\t\t<\/p>\n\t\t\t\t\t\t\t\t\t\t\t\t\t\t\t\t\t\t\t\t\t\t\t\t\t\t\t<\/div>\n\t\t\t\t\t\t\t\n\t\t\t\t\t\t\t\t\t\t\t\t\t<\/div>\n\t\t\t\t\t\t<div class=\"c-card__media\">\n\t\t\t\t\t\t\t<img decoding=\"async\" width=\"400\" height=\"399\" src=\"https:\/\/ntigymnasiet.se\/wp-content\/uploads\/sites\/5\/2023\/05\/malin-granlund-400x399.jpg\" class=\"u-radius-round u-ratio-landscape\" alt=\"Malin Granlund - Bitr.Rektor.\" sizes=\"(max-width: 300px) 100vw, 300px\" srcset=\"https:\/\/ntigymnasiet.se\/wp-content\/uploads\/sites\/5\/2023\/05\/malin-granlund-400x399.jpg 400w, https:\/\/ntigymnasiet.se\/wp-content\/uploads\/sites\/5\/2023\/05\/malin-granlund-150x150.jpg 150w, https:\/\/ntigymnasiet.se\/wp-content\/uploads\/sites\/5\/2023\/05\/malin-granlund-300x299.jpg 300w, https:\/\/ntigymnasiet.se\/wp-content\/uploads\/sites\/5\/2023\/05\/malin-granlund.jpg 405w\" \/>\n\t\t\t\t\t\t<\/div>\n\t\t\t\t\t<\/article>\n\t\t\t\t<\/li>\n\t\t\t\t\t\t\t\t\t\t\t\n\t\t\t\t\n\t\t\t\t<li class=\"l-col-6@md l-col-4@lg \" data-filter=\"larare\">\n\t\t\t\t\t<article class=\"c-card \" data-variant=\"neutral\">\n\t\t\t\t\t\t<div class=\"c-card__content u-text-center\">\n\t\t\t\t\t\t\t\t\t\t\t\t\t\t\t<h3 class=\"c-card__title u-font-title-3\">\n\t\t\t\t\t\t\t\t\tLisa Norlin\n\t\t\t\t\t\t\t\t<\/h3>\n\t\t\t\t\t\t\t\n\t\t\t\t\t\t\t\t\t\t\t\t\t\t\t<p class=\"position u-font-body\">Ekonomi- och handels\u00e4mnen. APL-ansvarig<\/p>\n\t\t\t\t\t\t\t\n\t\t\t\t\t\t\t\t\t\t\t\t\t\t\t<div class=\"contact-info u-font-body\">\n\t\t\t\t\t\t\t\t\t\n\t\t\t\t\t\t\t\t\t\t\t\t\t\t\t\t\t\t\t\t\t\t\t\t\t\t\t\t\t\t<p class=\"email\"><a\n\t\t\t\t\t\t\t\t\t\t\t\t\thref=\"&#109;&#097;&#105;&#108;to&#058;&#101;l&#105;&#115;&#097;b&#101;&#116;&#104;.nor&#108;i&#110;&#064;&#110;ti&#103;&#046;&#115;e\"\n\t\t\t\t\t\t\t\t\t\t\t\t\tclass=\"u-text-link\">&#101;lis&#097;&#098;&#101;&#116;&#104;.n&#111;rlin&#064;n&#116;&#105;&#103;&#046;s&#101;<\/a>\n\t\t\t\t\t\t\t\t\t\t\t<\/p>\n\t\t\t\t\t\t\t\t\t\t\t\t\t\t\t\t\t\t\t\t\t\t\t\t\t\t\t<\/div>\n\t\t\t\t\t\t\t\n\t\t\t\t\t\t\t\t\t\t\t\t\t<\/div>\n\t\t\t\t\t\t<div class=\"c-card__media\">\n\t\t\t\t\t\t\t<img decoding=\"async\" width=\"400\" height=\"400\" src=\"https:\/\/ntigymnasiet.se\/wp-content\/uploads\/sites\/5\/2023\/05\/lisa-norlin-400x400.jpg\" class=\"u-radius-round u-ratio-landscape\" alt=\"Lisa Norlin.\" sizes=\"(max-width: 300px) 100vw, 300px\" srcset=\"https:\/\/ntigymnasiet.se\/wp-content\/uploads\/sites\/5\/2023\/05\/lisa-norlin-400x400.jpg 400w, https:\/\/ntigymnasiet.se\/wp-content\/uploads\/sites\/5\/2023\/05\/lisa-norlin-150x150.jpg 150w, https:\/\/ntigymnasiet.se\/wp-content\/uploads\/sites\/5\/2023\/05\/lisa-norlin-300x300.jpg 300w, https:\/\/ntigymnasiet.se\/wp-content\/uploads\/sites\/5\/2023\/05\/lisa-norlin.jpg 499w\" \/>\n\t\t\t\t\t\t<\/div>\n\t\t\t\t\t<\/article>\n\t\t\t\t<\/li>\n\t\t\t\t\t\t\t\t\t\t\t\n\t\t\t\t\n\t\t\t\t<li class=\"l-col-6@md l-col-4@lg \" data-filter=\"larare\">\n\t\t\t\t\t<article class=\"c-card \" data-variant=\"neutral\">\n\t\t\t\t\t\t<div class=\"c-card__content u-text-center\">\n\t\t\t\t\t\t\t\t\t\t\t\t\t\t\t<h3 class=\"c-card__title u-font-title-3\">\n\t\t\t\t\t\t\t\t\tAnders Petersson\n\t\t\t\t\t\t\t\t<\/h3>\n\t\t\t\t\t\t\t\n\t\t\t\t\t\t\t\t\t\t\t\t\t\t\t<p class=\"position u-font-body\">Handels\u00e4mnen. F\u00f6rstel\u00e4rare. <\/p>\n\t\t\t\t\t\t\t\n\t\t\t\t\t\t\t\t\t\t\t\t\t\t\t<div class=\"contact-info u-font-body\">\n\t\t\t\t\t\t\t\t\t\n\t\t\t\t\t\t\t\t\t\t\t\t\t\t\t\t\t\t\t\t\t\t\t\t\t\t\t\t\t\t<p class=\"email\"><a\n\t\t\t\t\t\t\t\t\t\t\t\t\thref=\"ma&#105;lt&#111;&#058;&#097;&#110;der&#115;&#046;pe&#116;&#101;rs&#115;o&#110;&#064;nti&#103;.se\"\n\t\t\t\t\t\t\t\t\t\t\t\t\tclass=\"u-text-link\">&#097;&#110;&#100;&#101;r&#115;.pe&#116;&#101;&#114;&#115;&#115;&#111;&#110;&#064;&#110;&#116;i&#103;.se<\/a>\n\t\t\t\t\t\t\t\t\t\t\t<\/p>\n\t\t\t\t\t\t\t\t\t\t\t\t\t\t\t\t\t\t\t\t\t\t\t\t\t\t\t<\/div>\n\t\t\t\t\t\t\t\n\t\t\t\t\t\t\t\t\t\t\t\t\t<\/div>\n\t\t\t\t\t\t<div class=\"c-card__media\">\n\t\t\t\t\t\t\t<img decoding=\"async\" width=\"400\" height=\"533\" src=\"https:\/\/ntigymnasiet.se\/wp-content\/uploads\/sites\/5\/2025\/08\/img0327-400x533.jpeg\" class=\"u-radius-round u-ratio-landscape\" alt=\"\" sizes=\"(max-width: 300px) 100vw, 300px\" srcset=\"https:\/\/ntigymnasiet.se\/wp-content\/uploads\/sites\/5\/2025\/08\/img0327-400x533.jpeg 400w, https:\/\/ntigymnasiet.se\/wp-content\/uploads\/sites\/5\/2025\/08\/img0327-300x400.jpeg 300w, https:\/\/ntigymnasiet.se\/wp-content\/uploads\/sites\/5\/2025\/08\/img0327-600x800.jpeg 600w, https:\/\/ntigymnasiet.se\/wp-content\/uploads\/sites\/5\/2025\/08\/img0327-800x1067.jpeg 800w, https:\/\/ntigymnasiet.se\/wp-content\/uploads\/sites\/5\/2025\/08\/img0327-1024x1365.jpeg 1024w, https:\/\/ntigymnasiet.se\/wp-content\/uploads\/sites\/5\/2025\/08\/img0327-1200x1600.jpeg 1200w, https:\/\/ntigymnasiet.se\/wp-content\/uploads\/sites\/5\/2025\/08\/img0327.jpeg 1536w\" \/>\n\t\t\t\t\t\t<\/div>\n\t\t\t\t\t<\/article>\n\t\t\t\t<\/li>\n\t\t\t\t\t\t\t\t\t\t\t\n\t\t\t\t\n\t\t\t\t<li class=\"l-col-6@md l-col-4@lg \" data-filter=\"larare\">\n\t\t\t\t\t<article class=\"c-card \" data-variant=\"neutral\">\n\t\t\t\t\t\t<div class=\"c-card__content u-text-center\">\n\t\t\t\t\t\t\t\t\t\t\t\t\t\t\t<h3 class=\"c-card__title u-font-title-3\">\n\t\t\t\t\t\t\t\t\tCornelia Reinisch\n\t\t\t\t\t\t\t\t<\/h3>\n\t\t\t\t\t\t\t\n\t\t\t\t\t\t\t\t\t\t\t\t\t\t\t<p class=\"position u-font-body\">Idrott <\/p>\n\t\t\t\t\t\t\t\n\t\t\t\t\t\t\t\t\t\t\t\t\t\t\t<div class=\"contact-info u-font-body\">\n\t\t\t\t\t\t\t\t\t\n\t\t\t\t\t\t\t\t\t\t\t\t\t\t\t\t\t\t\t\t\t\t\t\t\t\t\t\t\t\t<p class=\"email\"><a\n\t\t\t\t\t\t\t\t\t\t\t\t\thref=\"&#109;&#097;i&#108;&#116;o&#058;&#067;&#111;r&#110;&#101;lia&#046;&#082;&#101;&#105;n&#105;s&#099;h&#064;nt&#105;&#103;.s&#101;\"\n\t\t\t\t\t\t\t\t\t\t\t\t\tclass=\"u-text-link\">&#067;orn&#101;&#108;i&#097;.&#082;&#101;i&#110;i&#115;&#099;h&#064;n&#116;&#105;g&#046;&#115;e<\/a>\n\t\t\t\t\t\t\t\t\t\t\t<\/p>\n\t\t\t\t\t\t\t\t\t\t\t\t\t\t\t\t\t\t\t\t\t\t\t\t\t\t\t<\/div>\n\t\t\t\t\t\t\t\n\t\t\t\t\t\t\t\t\t\t\t\t\t<\/div>\n\t\t\t\t\t\t<div class=\"c-card__media\">\n\t\t\t\t\t\t\t<img decoding=\"async\" width=\"400\" height=\"533\" src=\"https:\/\/ntigymnasiet.se\/wp-content\/uploads\/sites\/5\/2025\/08\/img0344-400x533.jpeg\" class=\"u-radius-round u-ratio-landscape\" alt=\"\" sizes=\"(max-width: 300px) 100vw, 300px\" srcset=\"https:\/\/ntigymnasiet.se\/wp-content\/uploads\/sites\/5\/2025\/08\/img0344-400x533.jpeg 400w, https:\/\/ntigymnasiet.se\/wp-content\/uploads\/sites\/5\/2025\/08\/img0344-300x400.jpeg 300w, https:\/\/ntigymnasiet.se\/wp-content\/uploads\/sites\/5\/2025\/08\/img0344-600x800.jpeg 600w, https:\/\/ntigymnasiet.se\/wp-content\/uploads\/sites\/5\/2025\/08\/img0344-800x1067.jpeg 800w, https:\/\/ntigymnasiet.se\/wp-content\/uploads\/sites\/5\/2025\/08\/img0344-1024x1365.jpeg 1024w, https:\/\/ntigymnasiet.se\/wp-content\/uploads\/sites\/5\/2025\/08\/img0344-1200x1600.jpeg 1200w, https:\/\/ntigymnasiet.se\/wp-content\/uploads\/sites\/5\/2025\/08\/img0344.jpeg 1536w\" \/>\n\t\t\t\t\t\t<\/div>\n\t\t\t\t\t<\/article>\n\t\t\t\t<\/li>\n\t\t\t\t\t\t\t\t\t\t\t\n\t\t\t\t\n\t\t\t\t<li class=\"l-col-6@md l-col-4@lg \" data-filter=\"larare\">\n\t\t\t\t\t<article class=\"c-card \" data-variant=\"neutral\">\n\t\t\t\t\t\t<div class=\"c-card__content u-text-center\">\n\t\t\t\t\t\t\t\t\t\t\t\t\t\t\t<h3 class=\"c-card__title u-font-title-3\">\n\t\t\t\t\t\t\t\t\tAndreas Lundmark\n\t\t\t\t\t\t\t\t<\/h3>\n\t\t\t\t\t\t\t\n\t\t\t\t\t\t\t\t\t\t\t\t\t\t\t<p class=\"position u-font-body\">Ekonomi- och handels\u00e4mnen<\/p>\n\t\t\t\t\t\t\t\n\t\t\t\t\t\t\t\t\t\t\t\t\t\t\t<div class=\"contact-info u-font-body\">\n\t\t\t\t\t\t\t\t\t\n\t\t\t\t\t\t\t\t\t\t\t\t\t\t\t\t\t\t\t\t\t\t\t\t\t\t\t\t\t\t<p class=\"email\"><a\n\t\t\t\t\t\t\t\t\t\t\t\t\thref=\"mai&#108;&#116;o:an&#100;r&#101;as&#046;&#108;&#117;&#110;&#100;m&#097;rk&#064;ntig&#046;se\"\n\t\t\t\t\t\t\t\t\t\t\t\t\tclass=\"u-text-link\">&#097;n&#100;&#114;eas&#046;&#108;un&#100;mark&#064;nt&#105;g.&#115;e<\/a>\n\t\t\t\t\t\t\t\t\t\t\t<\/p>\n\t\t\t\t\t\t\t\t\t\t\t\t\t\t\t\t\t\t\t\t\t\t\t\t\t\t\t<\/div>\n\t\t\t\t\t\t\t\n\t\t\t\t\t\t\t\t\t\t\t\t\t<\/div>\n\t\t\t\t\t\t<div class=\"c-card__media\">\n\t\t\t\t\t\t\t<img decoding=\"async\" width=\"400\" height=\"400\" src=\"https:\/\/ntigymnasiet.se\/wp-content\/uploads\/sites\/5\/2023\/05\/andreas-lundmark-400x400.jpg\" class=\"u-radius-round u-ratio-landscape\" alt=\"Andreas Lundmark.\" sizes=\"(max-width: 300px) 100vw, 300px\" srcset=\"https:\/\/ntigymnasiet.se\/wp-content\/uploads\/sites\/5\/2023\/05\/andreas-lundmark-400x400.jpg 400w, https:\/\/ntigymnasiet.se\/wp-content\/uploads\/sites\/5\/2023\/05\/andreas-lundmark-150x150.jpg 150w, https:\/\/ntigymnasiet.se\/wp-content\/uploads\/sites\/5\/2023\/05\/andreas-lundmark-300x300.jpg 300w, https:\/\/ntigymnasiet.se\/wp-content\/uploads\/sites\/5\/2023\/05\/andreas-lundmark-600x600.jpg 600w, https:\/\/ntigymnasiet.se\/wp-content\/uploads\/sites\/5\/2023\/05\/andreas-lundmark.jpg 638w\" \/>\n\t\t\t\t\t\t<\/div>\n\t\t\t\t\t<\/article>\n\t\t\t\t<\/li>\n\t\t\t\t\t\t\t\t\t\t\t\n\t\t\t\t\n\t\t\t\t<li class=\"l-col-6@md l-col-4@lg \" data-filter=\"ledning\">\n\t\t\t\t\t<article class=\"c-card \" data-variant=\"neutral\">\n\t\t\t\t\t\t<div class=\"c-card__content u-text-center\">\n\t\t\t\t\t\t\t\t\t\t\t\t\t\t\t<h3 class=\"c-card__title u-font-title-3\">\n\t\t\t\t\t\t\t\t\tAngelina Hallberg\n\t\t\t\t\t\t\t\t<\/h3>\n\t\t\t\t\t\t\t\n\t\t\t\t\t\t\t\t\t\t\t\t\t\t\t<p class=\"position u-font-body\">Tf. rektor<\/p>\n\t\t\t\t\t\t\t\n\t\t\t\t\t\t\t\t\t\t\t\t\t\t\t<div class=\"contact-info u-font-body\">\n\t\t\t\t\t\t\t\t\t\t\t\t\t\t\t\t\t\t\t\t\t\t\t\t\t\t\t\t\t\t<p class=\"phone\"><a\n\t\t\t\t\t\t\t\t\t\t\t\t\thref=\"tel:0722334095\"\n\t\t\t\t\t\t\t\t\t\t\t\t\tclass=\"u-text-link\">072-233 40 95<\/a>\n\t\t\t\t\t\t\t\t\t\t\t<\/p>\n\t\t\t\t\t\t\t\t\t\t\t\t\t\t\t\t\t\t\t\n\t\t\t\t\t\t\t\t\t\t\t\t\t\t\t\t\t\t\t\t\t\t\t\t\t\t\t\t\t\t<p class=\"email\"><a\n\t\t\t\t\t\t\t\t\t\t\t\t\thref=\"ma&#105;lt&#111;&#058;A&#110;g&#101;&#108;&#105;&#110;&#097;.&#072;&#097;l&#108;ber&#103;&#064;ntig.s&#101;\"\n\t\t\t\t\t\t\t\t\t\t\t\t\tclass=\"u-text-link\">An&#103;el&#105;&#110;a.&#072;&#097;l&#108;&#098;er&#103;&#064;&#110;&#116;&#105;&#103;.se<\/a>\n\t\t\t\t\t\t\t\t\t\t\t<\/p>\n\t\t\t\t\t\t\t\t\t\t\t\t\t\t\t\t\t\t\t\t\t\t\t\t\t\t\t<\/div>\n\t\t\t\t\t\t\t\n\t\t\t\t\t\t\t\t\t\t\t\t\t<\/div>\n\t\t\t\t\t\t<div class=\"c-card__media\">\n\t\t\t\t\t\t\t<img decoding=\"async\" width=\"400\" height=\"533\" src=\"https:\/\/ntigymnasiet.se\/wp-content\/uploads\/sites\/5\/2026\/08\/img0321-400x533.jpeg\" class=\"u-radius-round u-ratio-landscape\" alt=\"Rektor.\" sizes=\"(max-width: 300px) 100vw, 300px\" srcset=\"https:\/\/ntigymnasiet.se\/wp-content\/uploads\/sites\/5\/2026\/08\/img0321-400x533.jpeg 400w, https:\/\/ntigymnasiet.se\/wp-content\/uploads\/sites\/5\/2026\/08\/img0321-300x400.jpeg 300w, https:\/\/ntigymnasiet.se\/wp-content\/uploads\/sites\/5\/2026\/08\/img0321-600x800.jpeg 600w, https:\/\/ntigymnasiet.se\/wp-content\/uploads\/sites\/5\/2026\/08\/img0321-800x1067.jpeg 800w, https:\/\/ntigymnasiet.se\/wp-content\/uploads\/sites\/5\/2026\/08\/img0321-1024x1365.jpeg 1024w, https:\/\/ntigymnasiet.se\/wp-content\/uploads\/sites\/5\/2026\/08\/img0321-1200x1600.jpeg 1200w, https:\/\/ntigymnasiet.se\/wp-content\/uploads\/sites\/5\/2026\/08\/img0321.jpeg 1536w\" \/>\n\t\t\t\t\t\t<\/div>\n\t\t\t\t\t<\/article>\n\t\t\t\t<\/li>\n\t\t\t\t\t\t\t\t\t\t\t\n\t\t\t\t\n\t\t\t\t<li class=\"l-col-6@md l-col-4@lg \" data-filter=\"administration\">\n\t\t\t\t\t<article class=\"c-card \" data-variant=\"neutral\">\n\t\t\t\t\t\t<div class=\"c-card__content u-text-center\">\n\t\t\t\t\t\t\t\t\t\t\t\t\t\t\t<h3 class=\"c-card__title u-font-title-3\">\n\t\t\t\t\t\t\t\t\tAnneli \u00d6stlund\n\t\t\t\t\t\t\t\t<\/h3>\n\t\t\t\t\t\t\t\n\t\t\t\t\t\t\t\t\t\t\t\t\t\t\t<p class=\"position u-font-body\">Administrat\u00f6r<\/p>\n\t\t\t\t\t\t\t\n\t\t\t\t\t\t\t\t\t\t\t\t\t\t\t<div class=\"contact-info u-font-body\">\n\t\t\t\t\t\t\t\t\t\t\t\t\t\t\t\t\t\t\t\t\t\t\t\t\t\t\t\t\t\t<p class=\"phone\"><a\n\t\t\t\t\t\t\t\t\t\t\t\t\thref=\"tel:084573340\"\n\t\t\t\t\t\t\t\t\t\t\t\t\tclass=\"u-text-link\">08-457 33 40<\/a>\n\t\t\t\t\t\t\t\t\t\t\t<\/p>\n\t\t\t\t\t\t\t\t\t\t\t\t\t\t\t\t\t\t\t\n\t\t\t\t\t\t\t\t\t\t\t\t\t\t\t\t\t\t\t\t\t\t\t\t\t\t\t\t\t\t<p class=\"email\"><a\n\t\t\t\t\t\t\t\t\t\t\t\t\thref=\"&#109;a&#105;l&#116;&#111;&#058;&#097;&#110;&#110;&#101;&#108;&#105;&#046;os&#116;lun&#100;&#064;nt&#105;g&#046;se\"\n\t\t\t\t\t\t\t\t\t\t\t\t\tclass=\"u-text-link\">&#097;n&#110;&#101;li&#046;&#111;stl&#117;&#110;d&#064;&#110;tig.&#115;e<\/a>\n\t\t\t\t\t\t\t\t\t\t\t<\/p>\n\t\t\t\t\t\t\t\t\t\t\t\t\t\t\t\t\t\t\t\t\t\t\t\t\t\t\t<\/div>\n\t\t\t\t\t\t\t\n\t\t\t\t\t\t\t\t\t\t\t\t\t<\/div>\n\t\t\t\t\t\t<div class=\"c-card__media\">\n\t\t\t\t\t\t\t<img decoding=\"async\" width=\"400\" height=\"425\" src=\"https:\/\/ntigymnasiet.se\/wp-content\/uploads\/sites\/5\/2025\/08\/fullsizerender-1-400x425.jpeg\" class=\"u-radius-round u-ratio-landscape\" alt=\"\" sizes=\"(max-width: 300px) 100vw, 300px\" srcset=\"https:\/\/ntigymnasiet.se\/wp-content\/uploads\/sites\/5\/2025\/08\/fullsizerender-1-400x425.jpeg 400w, https:\/\/ntigymnasiet.se\/wp-content\/uploads\/sites\/5\/2025\/08\/fullsizerender-1-300x318.jpeg 300w, https:\/\/ntigymnasiet.se\/wp-content\/uploads\/sites\/5\/2025\/08\/fullsizerender-1-600x637.jpeg 600w, https:\/\/ntigymnasiet.se\/wp-content\/uploads\/sites\/5\/2025\/08\/fullsizerender-1-800x849.jpeg 800w, https:\/\/ntigymnasiet.se\/wp-content\/uploads\/sites\/5\/2025\/08\/fullsizerender-1-1024x1087.jpeg 1024w, https:\/\/ntigymnasiet.se\/wp-content\/uploads\/sites\/5\/2025\/08\/fullsizerender-1-1200x1274.jpeg 1200w\" \/>\n\t\t\t\t\t\t<\/div>\n\t\t\t\t\t<\/article>\n\t\t\t\t<\/li>\n\t\t\t\t\t\t\t\t\t\t\t\n\t\t\t\t\n\t\t\t\t<li class=\"l-col-6@md l-col-4@lg \" data-filter=\"larare\">\n\t\t\t\t\t<article class=\"c-card \" data-variant=\"neutral\">\n\t\t\t\t\t\t<div class=\"c-card__content u-text-center\">\n\t\t\t\t\t\t\t\t\t\t\t\t\t\t\t<h3 class=\"c-card__title u-font-title-3\">\n\t\t\t\t\t\t\t\t\tBenjamin R\u00e5berg\n\t\t\t\t\t\t\t\t<\/h3>\n\t\t\t\t\t\t\t\n\t\t\t\t\t\t\t\t\t\t\t\t\t\t\t<p class=\"position u-font-body\">Idrott och psykologi<\/p>\n\t\t\t\t\t\t\t\n\t\t\t\t\t\t\t\t\t\t\t\t\t\t\t<div class=\"contact-info u-font-body\">\n\t\t\t\t\t\t\t\t\t\n\t\t\t\t\t\t\t\t\t\t\t\t\t\t\t\t\t\t\t\t\t\t\t\t\t\t\t\t\t\t<p class=\"email\"><a\n\t\t\t\t\t\t\t\t\t\t\t\t\thref=\"&#109;a&#105;l&#116;&#111;&#058;&#066;&#101;n&#106;&#097;&#109;&#105;n&#046;Ra&#098;&#101;rg&#064;nt&#105;&#103;.&#115;&#101;\"\n\t\t\t\t\t\t\t\t\t\t\t\t\tclass=\"u-text-link\">Ben&#106;ami&#110;&#046;R&#097;&#098;&#101;&#114;&#103;&#064;&#110;&#116;ig&#046;&#115;e<\/a>\n\t\t\t\t\t\t\t\t\t\t\t<\/p>\n\t\t\t\t\t\t\t\t\t\t\t\t\t\t\t\t\t\t\t\t\t\t\t\t\t\t\t<\/div>\n\t\t\t\t\t\t\t\n\t\t\t\t\t\t\t\t\t\t\t\t\t<\/div>\n\t\t\t\t\t\t<div class=\"c-card__media\">\n\t\t\t\t\t\t\t<img decoding=\"async\" width=\"400\" height=\"533\" src=\"https:\/\/ntigymnasiet.se\/wp-content\/uploads\/sites\/5\/2025\/08\/img0346-400x533.jpeg\" class=\"u-radius-round u-ratio-landscape\" alt=\"\" sizes=\"(max-width: 300px) 100vw, 300px\" srcset=\"https:\/\/ntigymnasiet.se\/wp-content\/uploads\/sites\/5\/2025\/08\/img0346-400x533.jpeg 400w, https:\/\/ntigymnasiet.se\/wp-content\/uploads\/sites\/5\/2025\/08\/img0346-300x400.jpeg 300w, https:\/\/ntigymnasiet.se\/wp-content\/uploads\/sites\/5\/2025\/08\/img0346-600x800.jpeg 600w, https:\/\/ntigymnasiet.se\/wp-content\/uploads\/sites\/5\/2025\/08\/img0346-800x1067.jpeg 800w, https:\/\/ntigymnasiet.se\/wp-content\/uploads\/sites\/5\/2025\/08\/img0346-1024x1365.jpeg 1024w, https:\/\/ntigymnasiet.se\/wp-content\/uploads\/sites\/5\/2025\/08\/img0346-1200x1600.jpeg 1200w, https:\/\/ntigymnasiet.se\/wp-content\/uploads\/sites\/5\/2025\/08\/img0346.jpeg 1536w\" \/>\n\t\t\t\t\t\t<\/div>\n\t\t\t\t\t<\/article>\n\t\t\t\t<\/li>\n\t\t\t\t\t\t\t\t\t\t\t\n\t\t\t\t\n\t\t\t\t<li class=\"l-col-6@md l-col-4@lg \" data-filter=\"larare\">\n\t\t\t\t\t<article class=\"c-card \" data-variant=\"neutral\">\n\t\t\t\t\t\t<div class=\"c-card__content u-text-center\">\n\t\t\t\t\t\t\t\t\t\t\t\t\t\t\t<h3 class=\"c-card__title u-font-title-3\">\n\t\t\t\t\t\t\t\t\tCasper Forsberg\n\t\t\t\t\t\t\t\t<\/h3>\n\t\t\t\t\t\t\t\n\t\t\t\t\t\t\t\t\t\t\t\t\t\t\t<p class=\"position u-font-body\">Idrott och psykologi. F\u00f6rstel\u00e4rare. F\u00f6r\u00e4ldraledig HT26. <\/p>\n\t\t\t\t\t\t\t\n\t\t\t\t\t\t\t\t\t\t\t\t\t\t\t<div class=\"contact-info u-font-body\">\n\t\t\t\t\t\t\t\t\t\n\t\t\t\t\t\t\t\t\t\t\t\t\t\t\t\t\t\t\t\t\t\t\t\t\t\t\t\t\t\t<p class=\"email\"><a\n\t\t\t\t\t\t\t\t\t\t\t\t\thref=\"m&#097;i&#108;t&#111;:c&#097;&#115;&#112;&#101;&#114;.fo&#114;s&#098;&#101;&#114;&#103;&#064;&#110;&#116;&#105;&#103;&#046;s&#101;\"\n\t\t\t\t\t\t\t\t\t\t\t\t\tclass=\"u-text-link\">ca&#115;per.f&#111;&#114;sbe&#114;g&#064;&#110;&#116;ig&#046;&#115;&#101;<\/a>\n\t\t\t\t\t\t\t\t\t\t\t<\/p>\n\t\t\t\t\t\t\t\t\t\t\t\t\t\t\t\t\t\t\t\t\t\t\t\t\t\t\t<\/div>\n\t\t\t\t\t\t\t\n\t\t\t\t\t\t\t\t\t\t\t\t\t<\/div>\n\t\t\t\t\t\t<div class=\"c-card__media\">\n\t\t\t\t\t\t\t<img decoding=\"async\" width=\"400\" height=\"399\" src=\"https:\/\/ntigymnasiet.se\/wp-content\/uploads\/sites\/5\/2023\/05\/casper-hallstrom-400x399.jpg\" class=\"u-radius-round u-ratio-landscape\" alt=\"Casper Hallstrom.\" sizes=\"(max-width: 300px) 100vw, 300px\" srcset=\"https:\/\/ntigymnasiet.se\/wp-content\/uploads\/sites\/5\/2023\/05\/casper-hallstrom-400x399.jpg 400w, https:\/\/ntigymnasiet.se\/wp-content\/uploads\/sites\/5\/2023\/05\/casper-hallstrom-150x150.jpg 150w, https:\/\/ntigymnasiet.se\/wp-content\/uploads\/sites\/5\/2023\/05\/casper-hallstrom-300x300.jpg 300w, https:\/\/ntigymnasiet.se\/wp-content\/uploads\/sites\/5\/2023\/05\/casper-hallstrom-600x599.jpg 600w, https:\/\/ntigymnasiet.se\/wp-content\/uploads\/sites\/5\/2023\/05\/casper-hallstrom.jpg 767w\" \/>\n\t\t\t\t\t\t<\/div>\n\t\t\t\t\t<\/article>\n\t\t\t\t<\/li>\n\t\t\t\t\t\t\t\t\t\t\t\n\t\t\t\t\n\t\t\t\t<li class=\"l-col-6@md l-col-4@lg \" data-filter=\"elevhalsa\">\n\t\t\t\t\t<article class=\"c-card \" data-variant=\"neutral\">\n\t\t\t\t\t\t<div class=\"c-card__content u-text-center\">\n\t\t\t\t\t\t\t\t\t\t\t\t\t\t\t<h3 class=\"c-card__title u-font-title-3\">\n\t\t\t\t\t\t\t\t\tCatrin Kesselmar\n\t\t\t\t\t\t\t\t<\/h3>\n\t\t\t\t\t\t\t\n\t\t\t\t\t\t\t\t\t\t\t\t\t\t\t<p class=\"position u-font-body\">Kurator. Tj\u00e4nstledig till april 2027. <\/p>\n\t\t\t\t\t\t\t\n\t\t\t\t\t\t\t\t\t\t\t\t\t\t\t<div class=\"contact-info u-font-body\">\n\t\t\t\t\t\t\t\t\t\t\t\t\t\t\t\t\t\t\t\t\t\t\t\t\t\t\t\t\t\t<p class=\"phone\"><a\n\t\t\t\t\t\t\t\t\t\t\t\t\thref=\"tel:084573341\"\n\t\t\t\t\t\t\t\t\t\t\t\t\tclass=\"u-text-link\">08-457 33 41<\/a>\n\t\t\t\t\t\t\t\t\t\t\t<\/p>\n\t\t\t\t\t\t\t\t\t\t\t\t\t\t\t\t\t\t\t\n\t\t\t\t\t\t\t\t\t\t\t\t\t\t\t\t\t\t\t\t\t\t\t\t\t\t\t\t\t\t<p class=\"email\"><a\n\t\t\t\t\t\t\t\t\t\t\t\t\thref=\"&#109;&#097;i&#108;t&#111;&#058;&#099;&#097;t&#114;&#105;n&#046;&#107;&#101;&#115;&#115;el&#109;a&#114;&#064;ga&#046;nti&#103;.se\"\n\t\t\t\t\t\t\t\t\t\t\t\t\tclass=\"u-text-link\">&#099;&#097;t&#114;i&#110;&#046;&#107;e&#115;s&#101;&#108;mar&#064;&#103;&#097;.&#110;t&#105;g&#046;s&#101;<\/a>\n\t\t\t\t\t\t\t\t\t\t\t<\/p>\n\t\t\t\t\t\t\t\t\t\t\t\t\t\t\t\t\t\t\t\t\t\t\t\t\t\t\t<\/div>\n\t\t\t\t\t\t\t\n\t\t\t\t\t\t\t\t\t\t\t\t\t<\/div>\n\t\t\t\t\t\t<div class=\"c-card__media\">\n\t\t\t\t\t\t\t<img decoding=\"async\" width=\"400\" height=\"407\" src=\"https:\/\/ntigymnasiet.se\/wp-content\/uploads\/sites\/5\/2023\/05\/catrin-kesselmar-e1684761524689-400x407.jpg\" class=\"u-radius-round u-ratio-landscape\" alt=\"Catrin Kesselmar.\" sizes=\"(max-width: 300px) 100vw, 300px\" srcset=\"https:\/\/ntigymnasiet.se\/wp-content\/uploads\/sites\/5\/2023\/05\/catrin-kesselmar-e1684761524689-400x407.jpg 400w, https:\/\/ntigymnasiet.se\/wp-content\/uploads\/sites\/5\/2023\/05\/catrin-kesselmar-e1684761524689-300x305.jpg 300w, https:\/\/ntigymnasiet.se\/wp-content\/uploads\/sites\/5\/2023\/05\/catrin-kesselmar-e1684761524689-600x611.jpg 600w, https:\/\/ntigymnasiet.se\/wp-content\/uploads\/sites\/5\/2023\/05\/catrin-kesselmar-e1684761524689.jpg 737w\" \/>\n\t\t\t\t\t\t<\/div>\n\t\t\t\t\t<\/article>\n\t\t\t\t<\/li>\n\t\t\t\t\t\t\t\t\t\t\t\n\t\t\t\t\n\t\t\t\t<li class=\"l-col-6@md l-col-4@lg \" data-filter=\"larare\">\n\t\t\t\t\t<article class=\"c-card \" data-variant=\"neutral\">\n\t\t\t\t\t\t<div class=\"c-card__content u-text-center\">\n\t\t\t\t\t\t\t\t\t\t\t\t\t\t\t<h3 class=\"c-card__title u-font-title-3\">\n\t\t\t\t\t\t\t\t\tElizaveta Aleshina\n\t\t\t\t\t\t\t\t<\/h3>\n\t\t\t\t\t\t\t\n\t\t\t\t\t\t\t\t\t\t\t\t\t\t\t<p class=\"position u-font-body\">Franska<\/p>\n\t\t\t\t\t\t\t\n\t\t\t\t\t\t\t\t\t\t\t\t\t\t\t<div class=\"contact-info u-font-body\">\n\t\t\t\t\t\t\t\t\t\n\t\t\t\t\t\t\t\t\t\t\t\t\t\t\t\t\t\t\t\t\t\t\t\t\t\t\t\t\t\t<p class=\"email\"><a\n\t\t\t\t\t\t\t\t\t\t\t\t\thref=\"mail&#116;&#111;&#058;Eli&#122;av&#101;t&#097;&#046;&#065;le&#115;&#104;&#105;&#110;a&#064;n&#116;&#105;&#103;.&#115;&#101;\"\n\t\t\t\t\t\t\t\t\t\t\t\t\tclass=\"u-text-link\">&#069;&#108;&#105;&#122;&#097;&#118;&#101;t&#097;&#046;&#065;&#108;&#101;&#115;&#104;&#105;na&#064;n&#116;ig&#046;&#115;&#101;<\/a>\n\t\t\t\t\t\t\t\t\t\t\t<\/p>\n\t\t\t\t\t\t\t\t\t\t\t\t\t\t\t\t\t\t\t\t\t\t\t\t\t\t\t<\/div>\n\t\t\t\t\t\t\t\n\t\t\t\t\t\t\t\t\t\t\t\t\t<\/div>\n\t\t\t\t\t\t<div class=\"c-card__media\">\n\t\t\t\t\t\t\t<img decoding=\"async\" width=\"400\" height=\"533\" src=\"https:\/\/ntigymnasiet.se\/wp-content\/uploads\/sites\/5\/2025\/08\/img0328-400x533.jpeg\" class=\"u-radius-round u-ratio-landscape\" alt=\"\" sizes=\"(max-width: 300px) 100vw, 300px\" srcset=\"https:\/\/ntigymnasiet.se\/wp-content\/uploads\/sites\/5\/2025\/08\/img0328-400x533.jpeg 400w, https:\/\/ntigymnasiet.se\/wp-content\/uploads\/sites\/5\/2025\/08\/img0328-300x400.jpeg 300w, https:\/\/ntigymnasiet.se\/wp-content\/uploads\/sites\/5\/2025\/08\/img0328-600x800.jpeg 600w, https:\/\/ntigymnasiet.se\/wp-content\/uploads\/sites\/5\/2025\/08\/img0328-800x1067.jpeg 800w, https:\/\/ntigymnasiet.se\/wp-content\/uploads\/sites\/5\/2025\/08\/img0328-1024x1365.jpeg 1024w, https:\/\/ntigymnasiet.se\/wp-content\/uploads\/sites\/5\/2025\/08\/img0328-1200x1600.jpeg 1200w, https:\/\/ntigymnasiet.se\/wp-content\/uploads\/sites\/5\/2025\/08\/img0328.jpeg 1536w\" \/>\n\t\t\t\t\t\t<\/div>\n\t\t\t\t\t<\/article>\n\t\t\t\t<\/li>\n\t\t\t\t\t\t\t\t\t\t\t\n\t\t\t\t\n\t\t\t\t<li class=\"l-col-6@md l-col-4@lg \" data-filter=\"larare\">\n\t\t\t\t\t<article class=\"c-card \" data-variant=\"neutral\">\n\t\t\t\t\t\t<div class=\"c-card__content u-text-center\">\n\t\t\t\t\t\t\t\t\t\t\t\t\t\t\t<h3 class=\"c-card__title u-font-title-3\">\n\t\t\t\t\t\t\t\t\tLina Westberg\n\t\t\t\t\t\t\t\t<\/h3>\n\t\t\t\t\t\t\t\n\t\t\t\t\t\t\t\t\t\t\t\t\t\t\t<p class=\"position u-font-body\">Ekonomi- och handels\u00e4mnen<\/p>\n\t\t\t\t\t\t\t\n\t\t\t\t\t\t\t\t\t\t\t\t\t\t\t<div class=\"contact-info u-font-body\">\n\t\t\t\t\t\t\t\t\t\n\t\t\t\t\t\t\t\t\t\t\t\t\t\t\t\t\t\t\t\t\t\t\t\t\t\t\t\t\t\t<p class=\"email\"><a\n\t\t\t\t\t\t\t\t\t\t\t\t\thref=\"&#109;a&#105;l&#116;&#111;:&#108;i&#110;&#097;&#046;wes&#116;be&#114;&#103;&#064;&#110;&#116;i&#103;.&#115;e\"\n\t\t\t\t\t\t\t\t\t\t\t\t\tclass=\"u-text-link\">lin&#097;.&#119;&#101;&#115;&#116;b&#101;r&#103;&#064;n&#116;&#105;g.se<\/a>\n\t\t\t\t\t\t\t\t\t\t\t<\/p>\n\t\t\t\t\t\t\t\t\t\t\t\t\t\t\t\t\t\t\t\t\t\t\t\t\t\t\t<\/div>\n\t\t\t\t\t\t\t\n\t\t\t\t\t\t\t\t\t\t\t\t\t<\/div>\n\t\t\t\t\t\t<div class=\"c-card__media\">\n\t\t\t\t\t\t\t<img decoding=\"async\" width=\"400\" height=\"533\" src=\"https:\/\/ntigymnasiet.se\/wp-content\/uploads\/sites\/5\/2025\/08\/img0354-400x533.jpeg\" class=\"u-radius-round u-ratio-landscape\" alt=\"\" sizes=\"(max-width: 300px) 100vw, 300px\" srcset=\"https:\/\/ntigymnasiet.se\/wp-content\/uploads\/sites\/5\/2025\/08\/img0354-400x533.jpeg 400w, https:\/\/ntigymnasiet.se\/wp-content\/uploads\/sites\/5\/2025\/08\/img0354-300x400.jpeg 300w, https:\/\/ntigymnasiet.se\/wp-content\/uploads\/sites\/5\/2025\/08\/img0354-600x800.jpeg 600w, https:\/\/ntigymnasiet.se\/wp-content\/uploads\/sites\/5\/2025\/08\/img0354-800x1067.jpeg 800w, https:\/\/ntigymnasiet.se\/wp-content\/uploads\/sites\/5\/2025\/08\/img0354-1024x1365.jpeg 1024w, https:\/\/ntigymnasiet.se\/wp-content\/uploads\/sites\/5\/2025\/08\/img0354-1200x1600.jpeg 1200w, https:\/\/ntigymnasiet.se\/wp-content\/uploads\/sites\/5\/2025\/08\/img0354.jpeg 1536w\" \/>\n\t\t\t\t\t\t<\/div>\n\t\t\t\t\t<\/article>\n\t\t\t\t<\/li>\n\t\t\t\t\t\t\t\t\t\t\t\n\t\t\t\t\n\t\t\t\t<li class=\"l-col-6@md l-col-4@lg \" data-filter=\"ledning\">\n\t\t\t\t\t<article class=\"c-card \" data-variant=\"neutral\">\n\t\t\t\t\t\t<div class=\"c-card__content u-text-center\">\n\t\t\t\t\t\t\t\t\t\t\t\t\t\t\t<h3 class=\"c-card__title u-font-title-3\">\n\t\t\t\t\t\t\t\t\tEmilia Snell\n\t\t\t\t\t\t\t\t<\/h3>\n\t\t\t\t\t\t\t\n\t\t\t\t\t\t\t\t\t\t\t\t\t\t\t<p class=\"position u-font-body\">Bitr\u00e4dande rektor <\/p>\n\t\t\t\t\t\t\t\n\t\t\t\t\t\t\t\t\t\t\t\t\t\t\t<div class=\"contact-info u-font-body\">\n\t\t\t\t\t\t\t\t\t\t\t\t\t\t\t\t\t\t\t\t\t\t\t\t\t\t\t\t\t\t<p class=\"phone\"><a\n\t\t\t\t\t\t\t\t\t\t\t\t\thref=\"tel:0722335823\"\n\t\t\t\t\t\t\t\t\t\t\t\t\tclass=\"u-text-link\">072-233 58 23<\/a>\n\t\t\t\t\t\t\t\t\t\t\t<\/p>\n\t\t\t\t\t\t\t\t\t\t\t\t\t\t\t\t\t\t\t\n\t\t\t\t\t\t\t\t\t\t\t\t\t\t\t\t\t\t\t\t\t\t\t\t\t\t\t\t\t\t<p class=\"email\"><a\n\t\t\t\t\t\t\t\t\t\t\t\t\thref=\"&#109;a&#105;&#108;&#116;o:Em&#105;l&#105;a.&#083;nell&#064;nt&#105;&#103;&#046;s&#101;\"\n\t\t\t\t\t\t\t\t\t\t\t\t\tclass=\"u-text-link\">&#069;&#109;i&#108;&#105;&#097;&#046;&#083;n&#101;&#108;l&#064;n&#116;i&#103;&#046;&#115;e<\/a>\n\t\t\t\t\t\t\t\t\t\t\t<\/p>\n\t\t\t\t\t\t\t\t\t\t\t\t\t\t\t\t\t\t\t\t\t\t\t\t\t\t\t<\/div>\n\t\t\t\t\t\t\t\n\t\t\t\t\t\t\t\t\t\t\t\t\t<\/div>\n\t\t\t\t\t\t<div class=\"c-card__media\">\n\t\t\t\t\t\t\t<img decoding=\"async\" width=\"400\" height=\"533\" src=\"https:\/\/ntigymnasiet.se\/wp-content\/uploads\/sites\/5\/2025\/08\/img0054-400x533.jpg\" class=\"u-radius-round u-ratio-landscape\" alt=\"Skolpersonal.\" sizes=\"(max-width: 300px) 100vw, 300px\" srcset=\"https:\/\/ntigymnasiet.se\/wp-content\/uploads\/sites\/5\/2025\/08\/img0054-400x533.jpg 400w, https:\/\/ntigymnasiet.se\/wp-content\/uploads\/sites\/5\/2025\/08\/img0054-300x400.jpg 300w, https:\/\/ntigymnasiet.se\/wp-content\/uploads\/sites\/5\/2025\/08\/img0054-600x800.jpg 600w, https:\/\/ntigymnasiet.se\/wp-content\/uploads\/sites\/5\/2025\/08\/img0054-800x1067.jpg 800w, https:\/\/ntigymnasiet.se\/wp-content\/uploads\/sites\/5\/2025\/08\/img0054-1024x1365.jpg 1024w, https:\/\/ntigymnasiet.se\/wp-content\/uploads\/sites\/5\/2025\/08\/img0054-1200x1600.jpg 1200w, https:\/\/ntigymnasiet.se\/wp-content\/uploads\/sites\/5\/2025\/08\/img0054-scaled.jpg 1920w\" \/>\n\t\t\t\t\t\t<\/div>\n\t\t\t\t\t<\/article>\n\t\t\t\t<\/li>\n\t\t\t\t\t\t\t\t\t\t\t\n\t\t\t\t\n\t\t\t\t<li class=\"l-col-6@md l-col-4@lg \" data-filter=\"larare\">\n\t\t\t\t\t<article class=\"c-card \" data-variant=\"neutral\">\n\t\t\t\t\t\t<div class=\"c-card__content u-text-center\">\n\t\t\t\t\t\t\t\t\t\t\t\t\t\t\t<h3 class=\"c-card__title u-font-title-3\">\n\t\t\t\t\t\t\t\t\tFrej Rutensk\u00f6ld\n\t\t\t\t\t\t\t\t<\/h3>\n\t\t\t\t\t\t\t\n\t\t\t\t\t\t\t\t\t\t\t\t\t\t\t<p class=\"position u-font-body\">F\u00f6retagsekonomi och evenemang<\/p>\n\t\t\t\t\t\t\t\n\t\t\t\t\t\t\t\t\t\t\t\t\t\t\t<div class=\"contact-info u-font-body\">\n\t\t\t\t\t\t\t\t\t\n\t\t\t\t\t\t\t\t\t\t\t\t\t\t\t\t\t\t\t\t\t\t\t\t\t\t\t\t\t\t<p class=\"email\"><a\n\t\t\t\t\t\t\t\t\t\t\t\t\thref=\"&#109;&#097;&#105;&#108;&#116;&#111;&#058;&#102;&#114;e&#106;.ru&#116;&#101;n&#115;&#107;&#111;&#108;&#100;&#064;&#110;tig&#046;s&#101;\"\n\t\t\t\t\t\t\t\t\t\t\t\t\tclass=\"u-text-link\">&#102;&#114;e&#106;.&#114;&#117;&#116;e&#110;s&#107;o&#108;d&#064;n&#116;ig&#046;se<\/a>\n\t\t\t\t\t\t\t\t\t\t\t<\/p>\n\t\t\t\t\t\t\t\t\t\t\t\t\t\t\t\t\t\t\t\t\t\t\t\t\t\t\t<\/div>\n\t\t\t\t\t\t\t\n\t\t\t\t\t\t\t\t\t\t\t\t\t<\/div>\n\t\t\t\t\t\t<div class=\"c-card__media\">\n\t\t\t\t\t\t\t<img decoding=\"async\" width=\"400\" height=\"533\" src=\"https:\/\/ntigymnasiet.se\/wp-content\/uploads\/sites\/5\/2025\/08\/img0345-400x533.jpeg\" class=\"u-radius-round u-ratio-landscape\" alt=\"\" sizes=\"(max-width: 300px) 100vw, 300px\" srcset=\"https:\/\/ntigymnasiet.se\/wp-content\/uploads\/sites\/5\/2025\/08\/img0345-400x533.jpeg 400w, https:\/\/ntigymnasiet.se\/wp-content\/uploads\/sites\/5\/2025\/08\/img0345-300x400.jpeg 300w, https:\/\/ntigymnasiet.se\/wp-content\/uploads\/sites\/5\/2025\/08\/img0345-600x800.jpeg 600w, https:\/\/ntigymnasiet.se\/wp-content\/uploads\/sites\/5\/2025\/08\/img0345-800x1067.jpeg 800w, https:\/\/ntigymnasiet.se\/wp-content\/uploads\/sites\/5\/2025\/08\/img0345-1024x1365.jpeg 1024w, https:\/\/ntigymnasiet.se\/wp-content\/uploads\/sites\/5\/2025\/08\/img0345-1200x1600.jpeg 1200w, https:\/\/ntigymnasiet.se\/wp-content\/uploads\/sites\/5\/2025\/08\/img0345.jpeg 1536w\" \/>\n\t\t\t\t\t\t<\/div>\n\t\t\t\t\t<\/article>\n\t\t\t\t<\/li>\n\t\t\t\t\t\t\t\t\t\t\t\n\t\t\t\t\n\t\t\t\t<li class=\"l-col-6@md l-col-4@lg \" data-filter=\"larare\">\n\t\t\t\t\t<article class=\"c-card \" data-variant=\"neutral\">\n\t\t\t\t\t\t<div class=\"c-card__content u-text-center\">\n\t\t\t\t\t\t\t\t\t\t\t\t\t\t\t<h3 class=\"c-card__title u-font-title-3\">\n\t\t\t\t\t\t\t\t\tGalina Tolstaja\n\t\t\t\t\t\t\t\t<\/h3>\n\t\t\t\t\t\t\t\n\t\t\t\t\t\t\t\t\t\t\t\t\t\t\t<p class=\"position u-font-body\">Spanska<\/p>\n\t\t\t\t\t\t\t\n\t\t\t\t\t\t\t\t\t\t\t\t\t\t\t<div class=\"contact-info u-font-body\">\n\t\t\t\t\t\t\t\t\t\n\t\t\t\t\t\t\t\t\t\t\t\t\t\t\t\t\t\t\t\t\t\t\t\t\t\t\t\t\t\t<p class=\"email\"><a\n\t\t\t\t\t\t\t\t\t\t\t\t\thref=\"&#109;ail&#116;&#111;&#058;&#103;&#097;lina.tolst&#097;j&#097;&#064;n&#116;&#105;&#103;&#046;se\"\n\t\t\t\t\t\t\t\t\t\t\t\t\tclass=\"u-text-link\">ga&#108;in&#097;&#046;tol&#115;ta&#106;a&#064;ntig.&#115;&#101;<\/a>\n\t\t\t\t\t\t\t\t\t\t\t<\/p>\n\t\t\t\t\t\t\t\t\t\t\t\t\t\t\t\t\t\t\t\t\t\t\t\t\t\t\t<\/div>\n\t\t\t\t\t\t\t\n\t\t\t\t\t\t\t\t\t\t\t\t\t<\/div>\n\t\t\t\t\t\t<div class=\"c-card__media\">\n\t\t\t\t\t\t\t<img decoding=\"async\" width=\"400\" height=\"400\" src=\"https:\/\/ntigymnasiet.se\/wp-content\/uploads\/sites\/5\/2023\/05\/galina-tolstaja-400x400.jpg\" class=\"u-radius-round u-ratio-landscape\" alt=\"Galina Tolstaja.\" sizes=\"(max-width: 300px) 100vw, 300px\" srcset=\"https:\/\/ntigymnasiet.se\/wp-content\/uploads\/sites\/5\/2023\/05\/galina-tolstaja-400x400.jpg 400w, https:\/\/ntigymnasiet.se\/wp-content\/uploads\/sites\/5\/2023\/05\/galina-tolstaja-150x150.jpg 150w, https:\/\/ntigymnasiet.se\/wp-content\/uploads\/sites\/5\/2023\/05\/galina-tolstaja-300x300.jpg 300w, https:\/\/ntigymnasiet.se\/wp-content\/uploads\/sites\/5\/2023\/05\/galina-tolstaja-600x600.jpg 600w, https:\/\/ntigymnasiet.se\/wp-content\/uploads\/sites\/5\/2023\/05\/galina-tolstaja.jpg 762w\" \/>\n\t\t\t\t\t\t<\/div>\n\t\t\t\t\t<\/article>\n\t\t\t\t<\/li>\n\t\t\t\t\t\t\t\t\t\t\t\n\t\t\t\t\n\t\t\t\t<li class=\"l-col-6@md l-col-4@lg \" data-filter=\"larare\">\n\t\t\t\t\t<article class=\"c-card \" data-variant=\"neutral\">\n\t\t\t\t\t\t<div class=\"c-card__content u-text-center\">\n\t\t\t\t\t\t\t\t\t\t\t\t\t\t\t<h3 class=\"c-card__title u-font-title-3\">\n\t\t\t\t\t\t\t\t\tHelena Sontag\n\t\t\t\t\t\t\t\t<\/h3>\n\t\t\t\t\t\t\t\n\t\t\t\t\t\t\t\t\t\t\t\t\t\t\t<p class=\"position u-font-body\">Historia och religion. F\u00f6rstel\u00e4rare.<\/p>\n\t\t\t\t\t\t\t\n\t\t\t\t\t\t\t\t\t\t\t\t\t\t\t<div class=\"contact-info u-font-body\">\n\t\t\t\t\t\t\t\t\t\n\t\t\t\t\t\t\t\t\t\t\t\t\t\t\t\t\t\t\t\t\t\t\t\t\t\t\t\t\t\t<p class=\"email\"><a\n\t\t\t\t\t\t\t\t\t\t\t\t\thref=\"&#109;&#097;il&#116;o&#058;&#104;&#101;&#108;&#101;n&#097;&#046;s&#111;&#110;&#116;a&#103;&#064;&#110;&#116;&#105;g&#046;s&#101;\"\n\t\t\t\t\t\t\t\t\t\t\t\t\tclass=\"u-text-link\">&#104;&#101;&#108;&#101;&#110;a.son&#116;&#097;&#103;&#064;&#110;&#116;i&#103;&#046;&#115;e<\/a>\n\t\t\t\t\t\t\t\t\t\t\t<\/p>\n\t\t\t\t\t\t\t\t\t\t\t\t\t\t\t\t\t\t\t\t\t\t\t\t\t\t\t<\/div>\n\t\t\t\t\t\t\t\n\t\t\t\t\t\t\t\t\t\t\t\t\t<\/div>\n\t\t\t\t\t\t<div class=\"c-card__media\">\n\t\t\t\t\t\t\t<img decoding=\"async\" width=\"400\" height=\"533\" src=\"https:\/\/ntigymnasiet.se\/wp-content\/uploads\/sites\/5\/2025\/08\/img0325-400x533.jpeg\" class=\"u-radius-round u-ratio-landscape\" alt=\"\" sizes=\"(max-width: 300px) 100vw, 300px\" srcset=\"https:\/\/ntigymnasiet.se\/wp-content\/uploads\/sites\/5\/2025\/08\/img0325-400x533.jpeg 400w, https:\/\/ntigymnasiet.se\/wp-content\/uploads\/sites\/5\/2025\/08\/img0325-300x400.jpeg 300w, https:\/\/ntigymnasiet.se\/wp-content\/uploads\/sites\/5\/2025\/08\/img0325-600x800.jpeg 600w, https:\/\/ntigymnasiet.se\/wp-content\/uploads\/sites\/5\/2025\/08\/img0325-800x1067.jpeg 800w, https:\/\/ntigymnasiet.se\/wp-content\/uploads\/sites\/5\/2025\/08\/img0325-1024x1365.jpeg 1024w, https:\/\/ntigymnasiet.se\/wp-content\/uploads\/sites\/5\/2025\/08\/img0325-1200x1600.jpeg 1200w, https:\/\/ntigymnasiet.se\/wp-content\/uploads\/sites\/5\/2025\/08\/img0325.jpeg 1536w\" \/>\n\t\t\t\t\t\t<\/div>\n\t\t\t\t\t<\/article>\n\t\t\t\t<\/li>\n\t\t\t\t\t\t\t\t\t\t\t\n\t\t\t\t\n\t\t\t\t<li class=\"l-col-6@md l-col-4@lg \" data-filter=\"larare\">\n\t\t\t\t\t<article class=\"c-card \" data-variant=\"neutral\">\n\t\t\t\t\t\t<div class=\"c-card__content u-text-center\">\n\t\t\t\t\t\t\t\t\t\t\t\t\t\t\t<h3 class=\"c-card__title u-font-title-3\">\n\t\t\t\t\t\t\t\t\tJan Ericson\n\t\t\t\t\t\t\t\t<\/h3>\n\t\t\t\t\t\t\t\n\t\t\t\t\t\t\t\t\t\t\t\t\t\t\t<p class=\"position u-font-body\">Svenska, f\u00f6rstel\u00e4rare<\/p>\n\t\t\t\t\t\t\t\n\t\t\t\t\t\t\t\t\t\t\t\t\t\t\t<div class=\"contact-info u-font-body\">\n\t\t\t\t\t\t\t\t\t\n\t\t\t\t\t\t\t\t\t\t\t\t\t\t\t\t\t\t\t\t\t\t\t\t\t\t\t\t\t\t<p class=\"email\"><a\n\t\t\t\t\t\t\t\t\t\t\t\t\thref=\"m&#097;i&#108;t&#111;&#058;j&#097;&#110;&#046;&#101;&#114;ic&#115;o&#110;&#064;nt&#105;g.s&#101;\"\n\t\t\t\t\t\t\t\t\t\t\t\t\tclass=\"u-text-link\">&#106;an&#046;&#101;&#114;icso&#110;&#064;&#110;tig&#046;s&#101;<\/a>\n\t\t\t\t\t\t\t\t\t\t\t<\/p>\n\t\t\t\t\t\t\t\t\t\t\t\t\t\t\t\t\t\t\t\t\t\t\t\t\t\t\t<\/div>\n\t\t\t\t\t\t\t\n\t\t\t\t\t\t\t\t\t\t\t\t\t<\/div>\n\t\t\t\t\t\t<div class=\"c-card__media\">\n\t\t\t\t\t\t\t<img decoding=\"async\" width=\"400\" height=\"399\" src=\"https:\/\/ntigymnasiet.se\/wp-content\/uploads\/sites\/5\/2023\/05\/jan-ericson-400x399.jpg\" class=\"u-radius-round u-ratio-landscape\" alt=\"Jan Ericson.\" sizes=\"(max-width: 300px) 100vw, 300px\" srcset=\"https:\/\/ntigymnasiet.se\/wp-content\/uploads\/sites\/5\/2023\/05\/jan-ericson-400x399.jpg 400w, https:\/\/ntigymnasiet.se\/wp-content\/uploads\/sites\/5\/2023\/05\/jan-ericson-150x150.jpg 150w, https:\/\/ntigymnasiet.se\/wp-content\/uploads\/sites\/5\/2023\/05\/jan-ericson-300x299.jpg 300w, https:\/\/ntigymnasiet.se\/wp-content\/uploads\/sites\/5\/2023\/05\/jan-ericson.jpg 500w\" \/>\n\t\t\t\t\t\t<\/div>\n\t\t\t\t\t<\/article>\n\t\t\t\t<\/li>\n\t\t\t\t\t\t\t\t\t\t\t\n\t\t\t\t\n\t\t\t\t<li class=\"l-col-6@md l-col-4@lg \" data-filter=\"larare\">\n\t\t\t\t\t<article class=\"c-card \" data-variant=\"neutral\">\n\t\t\t\t\t\t<div class=\"c-card__content u-text-center\">\n\t\t\t\t\t\t\t\t\t\t\t\t\t\t\t<h3 class=\"c-card__title u-font-title-3\">\n\t\t\t\t\t\t\t\t\tKenth Fougner\n\t\t\t\t\t\t\t\t<\/h3>\n\t\t\t\t\t\t\t\n\t\t\t\t\t\t\t\t\t\t\t\t\t\t\t<p class=\"position u-font-body\">Ekonomi- och handels\u00e4mnen<\/p>\n\t\t\t\t\t\t\t\n\t\t\t\t\t\t\t\t\t\t\t\t\t\t\t<div class=\"contact-info u-font-body\">\n\t\t\t\t\t\t\t\t\t\n\t\t\t\t\t\t\t\t\t\t\t\t\t\t\t\t\t\t\t\t\t\t\t\t\t\t\t\t\t\t<p class=\"email\"><a\n\t\t\t\t\t\t\t\t\t\t\t\t\thref=\"m&#097;i&#108;t&#111;:k&#101;n&#116;&#104;.fou&#103;&#110;&#101;r&#064;&#110;&#116;&#105;&#103;.&#115;e\"\n\t\t\t\t\t\t\t\t\t\t\t\t\tclass=\"u-text-link\">&#107;&#101;n&#116;h&#046;&#102;ou&#103;ne&#114;&#064;n&#116;&#105;g.s&#101;<\/a>\n\t\t\t\t\t\t\t\t\t\t\t<\/p>\n\t\t\t\t\t\t\t\t\t\t\t\t\t\t\t\t\t\t\t\t\t\t\t\t\t\t\t<\/div>\n\t\t\t\t\t\t\t\n\t\t\t\t\t\t\t\t\t\t\t\t\t<\/div>\n\t\t\t\t\t\t<div class=\"c-card__media\">\n\t\t\t\t\t\t\t<img decoding=\"async\" width=\"400\" height=\"399\" src=\"https:\/\/ntigymnasiet.se\/wp-content\/uploads\/sites\/5\/2023\/05\/kenth-fougner-400x399.jpg\" class=\"u-radius-round u-ratio-landscape\" alt=\"Kenth Fougner.\" sizes=\"(max-width: 300px) 100vw, 300px\" srcset=\"https:\/\/ntigymnasiet.se\/wp-content\/uploads\/sites\/5\/2023\/05\/kenth-fougner-400x399.jpg 400w, https:\/\/ntigymnasiet.se\/wp-content\/uploads\/sites\/5\/2023\/05\/kenth-fougner-150x150.jpg 150w, https:\/\/ntigymnasiet.se\/wp-content\/uploads\/sites\/5\/2023\/05\/kenth-fougner-300x299.jpg 300w, https:\/\/ntigymnasiet.se\/wp-content\/uploads\/sites\/5\/2023\/05\/kenth-fougner.jpg 500w\" \/>\n\t\t\t\t\t\t<\/div>\n\t\t\t\t\t<\/article>\n\t\t\t\t<\/li>\n\t\t\t\t\t\t\t\t\t\t\t\n\t\t\t\t\n\t\t\t\t<li class=\"l-col-6@md l-col-4@lg \" data-filter=\"larare\">\n\t\t\t\t\t<article class=\"c-card \" data-variant=\"neutral\">\n\t\t\t\t\t\t<div class=\"c-card__content u-text-center\">\n\t\t\t\t\t\t\t\t\t\t\t\t\t\t\t<h3 class=\"c-card__title u-font-title-3\">\n\t\t\t\t\t\t\t\t\tVictoria Fransson\n\t\t\t\t\t\t\t\t<\/h3>\n\t\t\t\t\t\t\t\n\t\t\t\t\t\t\t\t\t\t\t\t\t\t\t<p class=\"position u-font-body\">Svenska och engelska. Arbetslagsledare FS<\/p>\n\t\t\t\t\t\t\t\n\t\t\t\t\t\t\t\t\t\t\t\t\t\t\t<div class=\"contact-info u-font-body\">\n\t\t\t\t\t\t\t\t\t\n\t\t\t\t\t\t\t\t\t\t\t\t\t\t\t\t\t\t\t\t\t\t\t\t\t\t\t\t\t\t<p class=\"email\"><a\n\t\t\t\t\t\t\t\t\t\t\t\t\thref=\"&#109;ail&#116;o:v&#105;&#099;&#116;or&#105;&#097;.f&#114;&#097;&#110;&#115;son&#064;&#110;t&#105;&#103;.&#115;&#101;\"\n\t\t\t\t\t\t\t\t\t\t\t\t\tclass=\"u-text-link\">v&#105;&#099;&#116;&#111;&#114;i&#097;.&#102;r&#097;n&#115;s&#111;&#110;&#064;&#110;&#116;&#105;&#103;&#046;s&#101;<\/a>\n\t\t\t\t\t\t\t\t\t\t\t<\/p>\n\t\t\t\t\t\t\t\t\t\t\t\t\t\t\t\t\t\t\t\t\t\t\t\t\t\t\t<\/div>\n\t\t\t\t\t\t\t\n\t\t\t\t\t\t\t\t\t\t\t\t\t<\/div>\n\t\t\t\t\t\t<div class=\"c-card__media\">\n\t\t\t\t\t\t\t<img decoding=\"async\" width=\"400\" height=\"400\" src=\"https:\/\/ntigymnasiet.se\/wp-content\/uploads\/sites\/5\/2023\/05\/victoria-fransson-400x400.jpg\" class=\"u-radius-round u-ratio-landscape\" alt=\"Victoria Fransson.\" sizes=\"(max-width: 300px) 100vw, 300px\" srcset=\"https:\/\/ntigymnasiet.se\/wp-content\/uploads\/sites\/5\/2023\/05\/victoria-fransson-400x400.jpg 400w, https:\/\/ntigymnasiet.se\/wp-content\/uploads\/sites\/5\/2023\/05\/victoria-fransson-150x150.jpg 150w, https:\/\/ntigymnasiet.se\/wp-content\/uploads\/sites\/5\/2023\/05\/victoria-fransson-300x300.jpg 300w, https:\/\/ntigymnasiet.se\/wp-content\/uploads\/sites\/5\/2023\/05\/victoria-fransson.jpg 499w\" \/>\n\t\t\t\t\t\t<\/div>\n\t\t\t\t\t<\/article>\n\t\t\t\t<\/li>\n\t\t\t\t\t<\/ul>\n\n\t\t\n\t\t    <div class=\"ams-contact__more u-inline-items js-load-more-btn\">\n        <button href=\"#\"\n                class=\"c-btn\"\n                data-style=\"rounded\"\n                data-size=\"md\"\n                data-width=\"full-mobile\"\n                data-variant=\"outline\">\n        \tVisa mer\n        <\/button>\n    <\/div>\n\n\t\t\t<\/div>\n\n\t\t\n\n<\/section>\n","protected":false},"template":"","article_category":[],"yoast_head":"<!-- This site is optimized with the Yoast SEO plugin v22.0 - https:\/\/yoast.com\/wordpress\/plugins\/seo\/ -->\n<title>Stockholm<\/title>\n<meta name=\"description\" content=\"Inf\u00f6r h\u00f6stterminen 2026 flyttar NTI Handelsgymnasiet Stockholm till nyrenoverade lokaler p\u00e5 Vanadisv\u00e4gen 9B.\" \/>\n<meta name=\"robots\" content=\"index, follow, max-snippet:-1, max-image-preview:large, max-video-preview:-1\" \/>\n<link rel=\"canonical\" href=\"https:\/\/ntigymnasiet.se\/handelsgymnasiet\/stockholm\/artikel\/vi-flyttar-2026\/\" \/>\n<meta property=\"og:locale\" content=\"sv_SE\" \/>\n<meta property=\"og:type\" content=\"article\" \/>\n<meta property=\"og:description\" content=\"Inf\u00f6r h\u00f6stterminen 2026 flyttar NTI Handelsgymnasiet Stockholm till nyrenoverade lokaler p\u00e5 Vanadisv\u00e4gen 9B.\" \/>\n<meta property=\"og:url\" content=\"https:\/\/ntigymnasiet.se\/handelsgymnasiet\/stockholm\/artikel\/vi-flyttar-2026\/\" \/>\n<meta property=\"og:site_name\" content=\"Stockholm\" \/>\n<meta property=\"article:modified_time\" content=\"2026-08-27T14:12:20+00:00\" \/>\n<meta name=\"twitter:card\" content=\"summary_large_image\" \/>\n<meta name=\"twitter:description\" content=\"Inf\u00f6r h\u00f6stterminen 2026 flyttar NTI Handelsgymnasiet Stockholm till nyrenoverade lokaler p\u00e5 Vanadisv\u00e4gen 9B.\" \/>\n<meta name=\"twitter:image\" content=\"https:\/\/ntigymnasiet.se\/wp-content\/uploads\/sites\/5\/2025\/10\/nti-gbg-lagupplost-2022-foto-harald-nilsson-dsc1095-1200x630.jpg\" \/>\n<meta name=\"twitter:label1\" content=\"Est. reading time\" \/>\n\t<meta name=\"twitter:data1\" content=\"2 minuter\" \/>\n<script type=\"application\/ld+json\" class=\"yoast-schema-graph\">{\"@context\":\"https:\/\/schema.org\",\"@graph\":[{\"@type\":\"WebPage\",\"@id\":\"https:\/\/ntigymnasiet.se\/handelsgymnasiet\/stockholm\/artikel\/vi-flyttar-2026\/\",\"url\":\"https:\/\/ntigymnasiet.se\/handelsgymnasiet\/stockholm\/artikel\/vi-flyttar-2026\/\",\"name\":\"Vi flyttar 2026 - Stockholm\",\"isPartOf\":{\"@id\":\"https:\/\/ntigymnasiet.se\/handelsgymnasiet\/stockholm\/#website\"},\"datePublished\":\"2025-10-23T12:44:52+00:00\",\"dateModified\":\"2026-08-27T14:12:20+00:00\",\"description\":\"Inf\u00f6r h\u00f6stterminen 2026 flyttar NTI Handelsgymnasiet Stockholm till nyrenoverade lokaler p\u00e5 Vanadisv\u00e4gen 9B.\",\"breadcrumb\":{\"@id\":\"https:\/\/ntigymnasiet.se\/handelsgymnasiet\/stockholm\/artikel\/vi-flyttar-2026\/#breadcrumb\"},\"inLanguage\":\"sv-SE\",\"potentialAction\":[{\"@type\":\"ReadAction\",\"target\":[\"https:\/\/ntigymnasiet.se\/handelsgymnasiet\/stockholm\/artikel\/vi-flyttar-2026\/\"]}]},{\"@type\":\"BreadcrumbList\",\"@id\":\"https:\/\/ntigymnasiet.se\/handelsgymnasiet\/stockholm\/artikel\/vi-flyttar-2026\/#breadcrumb\",\"itemListElement\":[{\"@type\":\"ListItem\",\"position\":1,\"name\":\"Start\",\"item\":\"https:\/\/ntigymnasiet.se\/handelsgymnasiet\/stockholm\"},{\"@type\":\"ListItem\",\"position\":2,\"name\":\"Nyheter\"}]},{\"@type\":\"WebSite\",\"@id\":\"https:\/\/ntigymnasiet.se\/handelsgymnasiet\/stockholm\/#website\",\"url\":\"https:\/\/ntigymnasiet.se\/handelsgymnasiet\/stockholm\/\",\"name\":\"Stockholm\",\"description\":\"Just another WordPress site\",\"potentialAction\":[{\"@type\":\"SearchAction\",\"target\":{\"@type\":\"EntryPoint\",\"urlTemplate\":\"https:\/\/ntigymnasiet.se\/handelsgymnasiet\/stockholm\/?s={search_term_string}\"},\"query-input\":\"required name=search_term_string\"}],\"inLanguage\":\"sv-SE\"}]}<\/script>\n<!-- \/ Yoast SEO plugin. -->","yoast_head_json":{"title":"Stockholm","description":"Inf\u00f6r h\u00f6stterminen 2026 flyttar NTI Handelsgymnasiet Stockholm till nyrenoverade lokaler p\u00e5 Vanadisv\u00e4gen 9B.","robots":{"index":"index","follow":"follow","max-snippet":"max-snippet:-1","max-image-preview":"max-image-preview:large","max-video-preview":"max-video-preview:-1"},"canonical":"https:\/\/ntigymnasiet.se\/handelsgymnasiet\/stockholm\/artikel\/vi-flyttar-2026\/","og_locale":"sv_SE","og_type":"article","og_description":"Inf\u00f6r h\u00f6stterminen 2026 flyttar NTI Handelsgymnasiet Stockholm till nyrenoverade lokaler p\u00e5 Vanadisv\u00e4gen 9B.","og_url":"https:\/\/ntigymnasiet.se\/handelsgymnasiet\/stockholm\/artikel\/vi-flyttar-2026\/","og_site_name":"Stockholm","article_modified_time":"2026-08-27T14:12:20+00:00","twitter_card":"summary_large_image","twitter_description":"Inf\u00f6r h\u00f6stterminen 2026 flyttar NTI Handelsgymnasiet Stockholm till nyrenoverade lokaler p\u00e5 Vanadisv\u00e4gen 9B.","twitter_image":"https:\/\/ntigymnasiet.se\/wp-content\/uploads\/sites\/5\/2025\/10\/nti-gbg-lagupplost-2022-foto-harald-nilsson-dsc1095-1200x630.jpg","twitter_misc":{"Est. reading time":"2 minuter"},"schema":{"@context":"https:\/\/schema.org","@graph":[{"@type":"WebPage","@id":"https:\/\/ntigymnasiet.se\/handelsgymnasiet\/stockholm\/artikel\/vi-flyttar-2026\/","url":"https:\/\/ntigymnasiet.se\/handelsgymnasiet\/stockholm\/artikel\/vi-flyttar-2026\/","name":"Vi flyttar 2026 - Stockholm","isPartOf":{"@id":"https:\/\/ntigymnasiet.se\/handelsgymnasiet\/stockholm\/#website"},"datePublished":"2025-10-23T12:44:52+00:00","dateModified":"2026-08-27T14:12:20+00:00","description":"Inf\u00f6r h\u00f6stterminen 2026 flyttar NTI Handelsgymnasiet Stockholm till nyrenoverade lokaler p\u00e5 Vanadisv\u00e4gen 9B.","breadcrumb":{"@id":"https:\/\/ntigymnasiet.se\/handelsgymnasiet\/stockholm\/artikel\/vi-flyttar-2026\/#breadcrumb"},"inLanguage":"sv-SE","potentialAction":[{"@type":"ReadAction","target":["https:\/\/ntigymnasiet.se\/handelsgymnasiet\/stockholm\/artikel\/vi-flyttar-2026\/"]}]},{"@type":"BreadcrumbList","@id":"https:\/\/ntigymnasiet.se\/handelsgymnasiet\/stockholm\/artikel\/vi-flyttar-2026\/#breadcrumb","itemListElement":[{"@type":"ListItem","position":1,"name":"Start","item":"https:\/\/ntigymnasiet.se\/handelsgymnasiet\/stockholm"},{"@type":"ListItem","position":2,"name":"Nyheter"}]},{"@type":"WebSite","@id":"https:\/\/ntigymnasiet.se\/handelsgymnasiet\/stockholm\/#website","url":"https:\/\/ntigymnasiet.se\/handelsgymnasiet\/stockholm\/","name":"Stockholm","description":"Just another WordPress site","potentialAction":[{"@type":"SearchAction","target":{"@type":"EntryPoint","urlTemplate":"https:\/\/ntigymnasiet.se\/handelsgymnasiet\/stockholm\/?s={search_term_string}"},"query-input":"required name=search_term_string"}],"inLanguage":"sv-SE"}]}},"_links":{"self":[{"href":"https:\/\/ntigymnasiet.se\/handelsgymnasiet\/stockholm\/wp-json\/wp\/v2\/article\/1751"}],"collection":[{"href":"https:\/\/ntigymnasiet.se\/handelsgymnasiet\/stockholm\/wp-json\/wp\/v2\/article"}],"about":[{"href":"https:\/\/ntigymnasiet.se\/handelsgymnasiet\/stockholm\/wp-json\/wp\/v2\/types\/article"}],"wp:attachment":[{"href":"https:\/\/ntigymnasiet.se\/handelsgymnasiet\/stockholm\/wp-json\/wp\/v2\/media?parent=1751"}],"wp:term":[{"taxonomy":"article_category","embeddable":true,"href":"https:\/\/ntigymnasiet.se\/handelsgymnasiet\/stockholm\/wp-json\/wp\/v2\/article_category?post=1751"}],"curies":[{"name":"wp","href":"https:\/\/api.w.org\/{rel}","templated":true}]}}