{"id":2153,"date":"2025-04-11T15:05:59","date_gmt":"2025-04-11T13:05:59","guid":{"rendered":"https:\/\/ntigymnasiet.se\/johanneberg\/?post_type=article&#038;p=2153"},"modified":"2026-02-06T15:41:36","modified_gmt":"2026-02-06T14:41:36","slug":"dubbel-segergladje-pa-nti-johanneberg","status":"publish","type":"article","link":"https:\/\/ntigymnasiet.se\/johanneberg\/nyheter\/dubbel-segergladje-pa-nti-johanneberg\/","title":{"rendered":"Dubbel segergl\u00e4dje p\u00e5 NTI Johanneberg!"},"content":{"rendered":"\n\t\n\t\n\t\n\n\t\n\t\n\t\t\n<section  class=\"c-block l-stacked  \" data-color-scheme=\"\">\n\t<div class=\"ams-fifty ams-fifty--container ams-fifty--right ams-fifty--bottom l-container u-pt-fluid-3xl-6xl u-pb-fluid-3xl-6xl\">\n\t\t<div class=\"ams-fifty__content l-stack l-stack-xl is-left is-left@lg\">\n\t\t\t<div class=\"ams-fifty__text l-stack l-stack-lg\">\n\t\t\t\t\t\n\t<h1\n\tclass=\"c-heading u-font-title-1 \"\n\tstyle=\"\">\n\t\t\n\t\t\t\t\tDubbel segergl\u00e4dje p\u00e5 NTI Johanneberg!\n\t\t\t\t\n\t<\/h1>\n\n\t\t\t\t\t\t\t\t\t<div class=\"text l-stack u-font-body\">\n\t\t\t\t\t\t<p><!-- wp:paragraph --><\/p>\n<p>Tre av v\u00e5ra elever som l\u00e4ser estetik och media hos oss, kvalade in till NTI Adobe Champ 2025, Elias, Antonio och Nils. F\u00f6r andra \u00e5ret i rad har en av v\u00e5ra grymma elever vunnit den svenska uttagningen till Adobe Certified Professional World Championship! V\u00e5r skola f\u00e5r nu representera Sverige f\u00f6r 6:e g\u00e5ngen. Stort grattis till Elias som nu har siktet inst\u00e4llt p\u00e5 USA! Vi vill ocks\u00e5 lyfta hatten f\u00f6r Antonio som knep en stark tredjeplats. \ud83e\udd49<\/p>\n<p>F\u00f6rra \u00e5ret visade Vidar v\u00e4gen till finalen \u2013 och nu forts\u00e4tter v\u00e5ra elevers framg\u00e5ngssaga inom design och kreativitet. \u00c4r du n\u00e4sta stj\u00e4rna som vill skapa design med impact? \ud83d\udca5<\/p>\n<p><span style=\"font-family: -apple-system, BlinkMacSystemFont, 'Segoe UI', Roboto, 'Helvetica Neue', Arial, 'Noto Sans', 'Liberation Sans', sans-serif, 'Apple Color Emoji', 'Segoe UI Emoji', 'Segoe UI Symbol', 'Noto Color Emoji'; font-size: 1rem;\">Visste du att det fortfarande \u00e4r m\u00f6jligt att s\u00f6ka till v\u00e5rt <\/span><strong style=\"font-family: -apple-system, BlinkMacSystemFont, 'Segoe UI', Roboto, 'Helvetica Neue', Arial, 'Noto Sans', 'Liberation Sans', sans-serif, 'Apple Color Emoji', 'Segoe UI Emoji', 'Segoe UI Symbol', 'Noto Color Emoji'; font-size: 1rem;\"><a href=\"https:\/\/ntigymnasiet.se\/johanneberg\/program\/estetiska-programmet\/estetik-och-media\/\">Estetiska program \u2013 Estetik och media<\/a><\/strong><span style=\"font-family: -apple-system, BlinkMacSystemFont, 'Segoe UI', Roboto, 'Helvetica Neue', Arial, 'Noto Sans', 'Liberation Sans', sans-serif, 'Apple Color Emoji', 'Segoe UI Emoji', 'Segoe UI Symbol', 'Noto Color Emoji'; font-size: 1rem;\">?<\/p>\n<p><\/span><span style=\"font-family: -apple-system, BlinkMacSystemFont, 'Segoe UI', Roboto, 'Helvetica Neue', Arial, 'Noto Sans', 'Liberation Sans', sans-serif, 'Apple Color Emoji', 'Segoe UI Emoji', 'Segoe UI Symbol', 'Noto Color Emoji'; font-size: 1rem;\">H\u00e4r f\u00e5r du chansen att dyka in i designens v\u00e4rld, skapa magi med film och foto, och bem\u00e4stra digitala medier. Allt detta i en inspirerande pluggmilj\u00f6 i hj\u00e4rtat av G\u00f6teborg.<\/p>\n<p><\/span><span style=\"font-family: -apple-system, BlinkMacSystemFont, 'Segoe UI', Roboto, 'Helvetica Neue', Arial, 'Noto Sans', 'Liberation Sans', sans-serif, 'Apple Color Emoji', 'Segoe UI Emoji', 'Segoe UI Symbol', 'Noto Color Emoji'; font-size: 1rem;\">\u00c4r du redo att sl\u00e4ppa loss din kreativa potential? Kontakta oss f\u00f6r mer information eller spana in <\/span><a style=\"background-color: #ffffff; font-family: -apple-system, BlinkMacSystemFont, 'Segoe UI', Roboto, 'Helvetica Neue', Arial, 'Noto Sans', 'Liberation Sans', sans-serif, 'Apple Color Emoji', 'Segoe UI Emoji', 'Segoe UI Symbol', 'Noto Color Emoji'; font-size: 1rem;\" href=\"http:\/\/ntig.se\/johanneberg\" target=\"_blank\" rel=\"noreferrer noopener\">ntig.se\/johanneberg<\/a><span style=\"font-family: -apple-system, BlinkMacSystemFont, 'Segoe UI', Roboto, 'Helvetica Neue', Arial, 'Noto Sans', 'Liberation Sans', sans-serif, 'Apple Color Emoji', 'Segoe UI Emoji', 'Segoe UI Symbol', 'Noto Color Emoji'; font-size: 1rem;\">. Vi ser fram emot att h\u00f6ra fr\u00e5n dig! \ud83d\udc4b<\/span><\/p>\n<p><!-- \/wp:paragraph --><\/p>\n\n\t\t\t\t\t<\/div>\n\t\t\t\t\t\t\t<\/div>\n\n\t\t\t\t\t<\/div>\n\n\t\t <div class=\"ams-fifty__media u-ratio-landscape\">\n\t\t \t\t\t\t\t<img decoding=\"async\" width=\"600\" height=\"1067\" src=\"https:\/\/ntigymnasiet.se\/wp-content\/uploads\/sites\/6\/2025\/04\/image20250411095349230-600x1067.jpeg\" class=\"attachment-md size-md\" alt=\"Elias vinner den svenska uttagningen till Adobe certified professional championship.\" sizes=\"(min-width: 64em) 600px, calc(100vw - 160px)\" srcset=\"https:\/\/ntigymnasiet.se\/wp-content\/uploads\/sites\/6\/2025\/04\/image20250411095349230-600x1067.jpeg 600w, https:\/\/ntigymnasiet.se\/wp-content\/uploads\/sites\/6\/2025\/04\/image20250411095349230-300x533.jpeg 300w, https:\/\/ntigymnasiet.se\/wp-content\/uploads\/sites\/6\/2025\/04\/image20250411095349230-400x711.jpeg 400w, https:\/\/ntigymnasiet.se\/wp-content\/uploads\/sites\/6\/2025\/04\/image20250411095349230-800x1422.jpeg 800w, https:\/\/ntigymnasiet.se\/wp-content\/uploads\/sites\/6\/2025\/04\/image20250411095349230-1024x1820.jpeg 1024w, https:\/\/ntigymnasiet.se\/wp-content\/uploads\/sites\/6\/2025\/04\/image20250411095349230-1200x2133.jpeg 1200w, https:\/\/ntigymnasiet.se\/wp-content\/uploads\/sites\/6\/2025\/04\/image20250411095349230-scaled.jpeg 1440w\" \/>\n\t\t\t\n\t\t\t\n\t\t\t\t\t<\/div>\n\t<\/div>\n\n\t\t\n\n<\/section>\n\n\n\n\n<section  class=\"ams-image-gallery ams-image-gallery--mosaic c-block l-stacked\" data-color-scheme=\"light-grey\">\n\t<div class=\"l-container l-stack l-stack-fluid-2xl u-pt-fluid-3xl-6xl u-pb-fluid-3xl-6xl is-center is-center@md\">\n\t\t\t\t\t<div class=\"ams-image-gallery__intro l-stack l-stack-lg\">\n\t\t\t\t\t\n\t<h2\n\tclass=\"c-heading u-font-title-1 \"\n\tstyle=\"\">\n\t\t\n\t\t\t\t\tElias representerar Sverige i Adobe Certified Professional World Championship! \n\t\t\t\t\n\t<\/h2>\n\n\t\t\t\t\t\t\t\t\t<div class=\"c-text l-stack u-cs-xl u-font-body\">\n\t\t\t\t\t\t<p>F\u00f6r andra \u00e5ret i rad har en av v\u00e5ra grymma elever vunnit den svenska uttagningen till Adobe Certified Professional World Championship! V\u00e5r skola f\u00e5r nu representera Sverige f\u00f6r 6:e g\u00e5ngen. Stort grattis till Elias som nu har siktet inst\u00e4llt p\u00e5 USA! Vi vill ocks\u00e5 lyfta hatten f\u00f6r Antonio som knep en stark tredjeplats.<\/p>\n\n\t\t\t\t\t<\/div>\n\t\t\t\t\t\t\t<\/div>\n\t\t\n\t\t\t<div class=\"c-gallery\" data-variant=\"mosaic\">\n\t\t<ul class=\"c-gallery__items u-list-none swiper-wrapper\" aria-label=\"Bildgalleri\">\n\t\t\t\t\t\t\t\t\t\t\t\t<li class=\"c-gallery__item swiper-slide\">\n\t\t\t\t\t\t\t\t\t\t\t\t<a href=\"\" aria-label=\"\u00d6ppna bildgalleri lightbox\" class=\"c-gallery__link\" data-lightbox data-gallery=\"id-445446193\">\n\t\t\t\t\t\t\t\n\t\t\t\t\t\t<\/a>\n\t\t\t\t\t<\/li>\n\t\t\t\t\t\t\t\t\t<\/ul>\n\n\t\t<div class=\"c-gallery__meta\">\n\t\t\t<div class=\"c-gallery__num u-font-small\"><\/div>\n\t\t\t<div class=\"c-gallery__nav\">\n\t\t\t\t<button class=\"prev c-btn\" aria-label=\"Previous\">\n\t\t\t\t\t<svg class=\"ams-icon ams-icon--arrow-left-small\" viewBox=\"0 0 32 32\" fill=\"currentColor\" aria-hidden=\"true\" xmlns=\"http:\/\/www.w3.org\/2000\/svg\">\n\t\t\t\t\t\t<path d=\"M5.26 16.43L12.12 23.29C12.35 23.52 12.74 23.52 12.97 23.29L13.53 22.73C13.76 22.5 13.76 22.11 13.53 21.88L8.66 17.01L26.4 17.01C26.73 17.01 27 16.74 27 16.41L27 15.61C27 15.28 26.73 15.01 26.4 15.01L8.67 15.01L13.54 10.14C13.77 9.90999 13.77 9.51999 13.54 9.28999L12.98 8.72999C12.75 8.49999 12.36 8.49999 12.13 8.72999L5.27 15.59C5.04 15.82 5.04 16.21 5.27 16.44L5.26 16.43Z\"\/>\n\t\t\t\t\t<\/svg>\n\t\t\t\t<\/button>\n\t\t\t\t<button class=\"next c-btn\" aria-label=\"Next\">\n\t\t\t\t\t<svg class=\"ams-icon ams-icon--arrow-right-small\" viewBox=\"0 0 32 32\" fill=\"currentColor\" aria-hidden=\"true\" xmlns=\"http:\/\/www.w3.org\/2000\/svg\">\n\t\t\t\t\t\t<path d=\"M26.74 15.57L19.88 8.71001C19.65 8.48001 19.26 8.48001 19.03 8.71001L18.47 9.27001C18.24 9.50001 18.24 9.89001 18.47 10.12L23.34 14.99H5.6C5.27 14.99 5 15.26 5 15.59V16.39C5 16.72 5.27 16.99 5.6 16.99H23.33L18.46 21.86C18.23 22.09 18.23 22.48 18.46 22.71L19.02 23.27C19.25 23.5 19.64 23.5 19.87 23.27L26.73 16.41C26.96 16.18 26.96 15.79 26.73 15.56L26.74 15.57Z\"\/>\n\t\t\t\t\t<\/svg>\n\t\t\t\t<\/button>\n\t\t\t<\/div>\n\t\t<\/div>\n\t<\/div>\n\n\t\t\t<\/div>\n\n\t\t\n\n<\/section>\n","protected":false},"template":"","article_category":[],"yoast_head":"<!-- This site is optimized with the Yoast SEO plugin v22.0 - https:\/\/yoast.com\/wordpress\/plugins\/seo\/ -->\n<title>Johanneberg G\u00f6teborg<\/title>\n<meta name=\"description\" content=\"F\u00f6r andra \u00e5ret i rad har en av v\u00e5ra grymma elever vunnit den svenska uttagningen till Adobe Certified Professional World Championship!\" \/>\n<meta name=\"robots\" content=\"index, follow, max-snippet:-1, max-image-preview:large, max-video-preview:-1\" \/>\n<link rel=\"canonical\" href=\"https:\/\/ntigymnasiet.se\/johanneberg\/nyheter\/dubbel-segergladje-pa-nti-johanneberg\/\" \/>\n<meta property=\"og:locale\" content=\"sv_SE\" \/>\n<meta property=\"og:type\" content=\"article\" \/>\n<meta property=\"og:description\" content=\"F\u00f6r andra \u00e5ret i rad har en av v\u00e5ra grymma elever vunnit den svenska uttagningen till Adobe Certified Professional World Championship!\" \/>\n<meta property=\"og:url\" content=\"https:\/\/ntigymnasiet.se\/johanneberg\/nyheter\/dubbel-segergladje-pa-nti-johanneberg\/\" \/>\n<meta property=\"og:site_name\" content=\"Johanneberg G\u00f6teborg\" \/>\n<meta property=\"article:modified_time\" content=\"2026-02-06T14:41:36+00:00\" \/>\n<meta name=\"twitter:card\" content=\"summary_large_image\" \/>\n<meta name=\"twitter:description\" content=\"F\u00f6r andra \u00e5ret i rad har en av v\u00e5ra grymma elever vunnit den svenska uttagningen till Adobe Certified Professional World Championship!\" \/>\n<meta name=\"twitter:label1\" content=\"Est. reading time\" \/>\n\t<meta name=\"twitter:data1\" content=\"4 minuter\" \/>\n<script type=\"application\/ld+json\" class=\"yoast-schema-graph\">{\"@context\":\"https:\/\/schema.org\",\"@graph\":[{\"@type\":\"WebPage\",\"@id\":\"https:\/\/ntigymnasiet.se\/johanneberg\/nyheter\/dubbel-segergladje-pa-nti-johanneberg\/\",\"url\":\"https:\/\/ntigymnasiet.se\/johanneberg\/nyheter\/dubbel-segergladje-pa-nti-johanneberg\/\",\"name\":\"Dubbel segergl\u00e4dje p\u00e5 NTI Johanneberg! - Johanneberg G\u00f6teborg\",\"isPartOf\":{\"@id\":\"https:\/\/ntigymnasiet.se\/johanneberg\/#website\"},\"datePublished\":\"2025-04-11T13:05:59+00:00\",\"dateModified\":\"2026-02-06T14:41:36+00:00\",\"description\":\"F\u00f6r andra \u00e5ret i rad har en av v\u00e5ra grymma elever vunnit den svenska uttagningen till Adobe Certified Professional World Championship!\",\"breadcrumb\":{\"@id\":\"https:\/\/ntigymnasiet.se\/johanneberg\/nyheter\/dubbel-segergladje-pa-nti-johanneberg\/#breadcrumb\"},\"inLanguage\":\"sv-SE\",\"potentialAction\":[{\"@type\":\"ReadAction\",\"target\":[\"https:\/\/ntigymnasiet.se\/johanneberg\/nyheter\/dubbel-segergladje-pa-nti-johanneberg\/\"]}]},{\"@type\":\"BreadcrumbList\",\"@id\":\"https:\/\/ntigymnasiet.se\/johanneberg\/nyheter\/dubbel-segergladje-pa-nti-johanneberg\/#breadcrumb\",\"itemListElement\":[{\"@type\":\"ListItem\",\"position\":1,\"name\":\"Start\",\"item\":\"https:\/\/ntigymnasiet.se\/johanneberg\"},{\"@type\":\"ListItem\",\"position\":2,\"name\":\"Nyheter\"}]},{\"@type\":\"WebSite\",\"@id\":\"https:\/\/ntigymnasiet.se\/johanneberg\/#website\",\"url\":\"https:\/\/ntigymnasiet.se\/johanneberg\/\",\"name\":\"Johanneberg G\u00f6teborg\",\"description\":\"Just another WordPress site\",\"potentialAction\":[{\"@type\":\"SearchAction\",\"target\":{\"@type\":\"EntryPoint\",\"urlTemplate\":\"https:\/\/ntigymnasiet.se\/johanneberg\/?s={search_term_string}\"},\"query-input\":\"required name=search_term_string\"}],\"inLanguage\":\"sv-SE\"}]}<\/script>\n<!-- \/ Yoast SEO plugin. -->","yoast_head_json":{"title":"Johanneberg G\u00f6teborg","description":"F\u00f6r andra \u00e5ret i rad har en av v\u00e5ra grymma elever vunnit den svenska uttagningen till Adobe Certified Professional World Championship!","robots":{"index":"index","follow":"follow","max-snippet":"max-snippet:-1","max-image-preview":"max-image-preview:large","max-video-preview":"max-video-preview:-1"},"canonical":"https:\/\/ntigymnasiet.se\/johanneberg\/nyheter\/dubbel-segergladje-pa-nti-johanneberg\/","og_locale":"sv_SE","og_type":"article","og_description":"F\u00f6r andra \u00e5ret i rad har en av v\u00e5ra grymma elever vunnit den svenska uttagningen till Adobe Certified Professional World Championship!","og_url":"https:\/\/ntigymnasiet.se\/johanneberg\/nyheter\/dubbel-segergladje-pa-nti-johanneberg\/","og_site_name":"Johanneberg G\u00f6teborg","article_modified_time":"2026-02-06T14:41:36+00:00","twitter_card":"summary_large_image","twitter_description":"F\u00f6r andra \u00e5ret i rad har en av v\u00e5ra grymma elever vunnit den svenska uttagningen till Adobe Certified Professional World Championship!","twitter_misc":{"Est. reading time":"4 minuter"},"schema":{"@context":"https:\/\/schema.org","@graph":[{"@type":"WebPage","@id":"https:\/\/ntigymnasiet.se\/johanneberg\/nyheter\/dubbel-segergladje-pa-nti-johanneberg\/","url":"https:\/\/ntigymnasiet.se\/johanneberg\/nyheter\/dubbel-segergladje-pa-nti-johanneberg\/","name":"Dubbel segergl\u00e4dje p\u00e5 NTI Johanneberg! - Johanneberg G\u00f6teborg","isPartOf":{"@id":"https:\/\/ntigymnasiet.se\/johanneberg\/#website"},"datePublished":"2025-04-11T13:05:59+00:00","dateModified":"2026-02-06T14:41:36+00:00","description":"F\u00f6r andra \u00e5ret i rad har en av v\u00e5ra grymma elever vunnit den svenska uttagningen till Adobe Certified Professional World Championship!","breadcrumb":{"@id":"https:\/\/ntigymnasiet.se\/johanneberg\/nyheter\/dubbel-segergladje-pa-nti-johanneberg\/#breadcrumb"},"inLanguage":"sv-SE","potentialAction":[{"@type":"ReadAction","target":["https:\/\/ntigymnasiet.se\/johanneberg\/nyheter\/dubbel-segergladje-pa-nti-johanneberg\/"]}]},{"@type":"BreadcrumbList","@id":"https:\/\/ntigymnasiet.se\/johanneberg\/nyheter\/dubbel-segergladje-pa-nti-johanneberg\/#breadcrumb","itemListElement":[{"@type":"ListItem","position":1,"name":"Start","item":"https:\/\/ntigymnasiet.se\/johanneberg"},{"@type":"ListItem","position":2,"name":"Nyheter"}]},{"@type":"WebSite","@id":"https:\/\/ntigymnasiet.se\/johanneberg\/#website","url":"https:\/\/ntigymnasiet.se\/johanneberg\/","name":"Johanneberg G\u00f6teborg","description":"Just another WordPress site","potentialAction":[{"@type":"SearchAction","target":{"@type":"EntryPoint","urlTemplate":"https:\/\/ntigymnasiet.se\/johanneberg\/?s={search_term_string}"},"query-input":"required name=search_term_string"}],"inLanguage":"sv-SE"}]}},"_links":{"self":[{"href":"https:\/\/ntigymnasiet.se\/johanneberg\/wp-json\/wp\/v2\/article\/2153"}],"collection":[{"href":"https:\/\/ntigymnasiet.se\/johanneberg\/wp-json\/wp\/v2\/article"}],"about":[{"href":"https:\/\/ntigymnasiet.se\/johanneberg\/wp-json\/wp\/v2\/types\/article"}],"wp:attachment":[{"href":"https:\/\/ntigymnasiet.se\/johanneberg\/wp-json\/wp\/v2\/media?parent=2153"}],"wp:term":[{"taxonomy":"article_category","embeddable":true,"href":"https:\/\/ntigymnasiet.se\/johanneberg\/wp-json\/wp\/v2\/article_category?post=2153"}],"curies":[{"name":"wp","href":"https:\/\/api.w.org\/{rel}","templated":true}]}}