{"id":1547,"date":"2025-03-19T12:27:39","date_gmt":"2025-03-19T11:27:39","guid":{"rendered":"https:\/\/ntigymnasiet.se\/lund\/?post_type=article&#038;p=1547"},"modified":"2026-02-12T16:50:09","modified_gmt":"2026-02-12T15:50:09","slug":"studenten-2025","status":"publish","type":"article","link":"https:\/\/ntigymnasiet.se\/lund\/nyheter\/studenten-2025\/","title":{"rendered":"Studenten 2025"},"content":{"rendered":"\n<div class=\"wp-block-columns is-layout-flex wp-container-core-columns-layout-1 wp-block-columns-is-layout-flex\">\n<div class=\"wp-block-column is-layout-flow wp-block-column-is-layout-flow\" style=\"flex-basis:15%\"><\/div>\n\n\n\n<div class=\"wp-block-column is-layout-flow wp-block-column-is-layout-flow\" style=\"flex-basis:70%\">\t<div\n\t\t class=\"module_wrapper container-fluid images-module\" >\n\t\t<div class=\"row\">\n\t\t\t<div\n\t\t\t\t\tclass=\"col-12 m-0 p-0 position-relative images_module__slideshow images_module__slideshow-container module-expand \">\n\n\t\t\t\t<div class=\"images_module__slide \" data-slide=\"\"\n\t\t\t\t\t data-duration=\"\"><\/div>\n\t\t\t\t\t\t\t\t\t<div\n\t\t\t\t\t\t class=\"images_module__slides \">\n\n\n\t\t\t\t\t\t<div class=\"images__wrapper\"\n\t\t\t\t\t\t\t style=\"aspect-ratio: 851 \/ 531;\">\n\t\t\t\t\t\t\t<img decoding=\"async\" width=\"1472\" height=\"832\" src=\"https:\/\/ntigymnasiet.se\/wp-content\/uploads\/sites\/11\/2025\/03\/jordgubbstarta-med-svenska-flaggan-och-med-texten-student-2025.jpg\" class=\"images__image_ratio  \" alt=\"Studentt\u00e5rta.\" style=\"aspect-ratio: 851 \/ 531;object-position: center center;\" srcset=\"https:\/\/ntigymnasiet.se\/wp-content\/uploads\/sites\/11\/2025\/03\/jordgubbstarta-med-svenska-flaggan-och-med-texten-student-2025.jpg 1472w, https:\/\/ntigymnasiet.se\/wp-content\/uploads\/sites\/11\/2025\/03\/jordgubbstarta-med-svenska-flaggan-och-med-texten-student-2025-300x170.jpg 300w, https:\/\/ntigymnasiet.se\/wp-content\/uploads\/sites\/11\/2025\/03\/jordgubbstarta-med-svenska-flaggan-och-med-texten-student-2025-400x226.jpg 400w, https:\/\/ntigymnasiet.se\/wp-content\/uploads\/sites\/11\/2025\/03\/jordgubbstarta-med-svenska-flaggan-och-med-texten-student-2025-600x339.jpg 600w, https:\/\/ntigymnasiet.se\/wp-content\/uploads\/sites\/11\/2025\/03\/jordgubbstarta-med-svenska-flaggan-och-med-texten-student-2025-800x452.jpg 800w, https:\/\/ntigymnasiet.se\/wp-content\/uploads\/sites\/11\/2025\/03\/jordgubbstarta-med-svenska-flaggan-och-med-texten-student-2025-1024x579.jpg 1024w, https:\/\/ntigymnasiet.se\/wp-content\/uploads\/sites\/11\/2025\/03\/jordgubbstarta-med-svenska-flaggan-och-med-texten-student-2025-1200x678.jpg 1200w\" sizes=\"(max-width: 1472px) 100vw, 1472px\" \/>\t\t\t\t\t\t<\/div>\n\n\t\t\t\t\t\t\n\t\t\t\t\t\t\t\t\t\t\t<\/div>\n\t\t\t\t\n\t\t\t\t<div class=\"images_module__container_dot \">\n\t\t\t\t\t<div style=\"text-align:center\">\n\t\t\t\t\t\t\t\t\t\t\t\t\t<span   data-i=\"0\"\n\t\t\t\t\t\t\t\t  class=\"images_module__dot\n\t\t\t\t\t\t\t\t\t\t\t\t\t  \"><\/span>\n\t\t\t\t\t\t\t\t\t\t\t<\/div>\n\t\t\t\t<\/div>\n\n\t\t\t<\/div>\n\t\t<\/div>\n\t<\/div>\n\n\n\t\n\n\n<script>\n\tvar images_display_descriptive_text = \"\";\n<\/script>\n\n\n\n<div style=\"height:35px\" aria-hidden=\"true\" class=\"wp-block-spacer\"><\/div>\n\n\n\n<h1 class=\"wp-block-heading\">Utspring studenten 2025<\/h1>\n\n\n\n<p   class=\"site__ingress container text-left  site__text-color--dark  site__free_text--ingress p-0\">\n\tDen 13 juni springer v\u00e5ra treor ut mot nya m\u00f6jligheter och \u00e4ventyr. \r\n<\/p>\n\n\n\n\n\n<p><strong>N\u00e4r:<\/strong> 13 juni<br><br><strong>Var:<\/strong> Sankt Lars V\u00e4g 3. <br><br>Familj, sl\u00e4kt och v\u00e4nner \u00e4r v\u00e4lkomna att ta emot sina studenter i v\u00e5r tr\u00e4dg\u00e5rd. <br>Ta sikte mot v\u00e5rt v\u00e4xthus inne i g\u00e5rden ut mot Sankt Lars V\u00e4g.<br><br><br><strong>Utspringstider:<\/strong><br>13.30. EE22 <br>13.45. TE22 och NATE22 <br>Obs! Detta \u00e4r ca tider.<\/p>\n<\/div>\n\n\n\n<div class=\"wp-block-column is-layout-flow wp-block-column-is-layout-flow\" style=\"flex-basis:15%\"><\/div>\n<\/div>\n","protected":false},"template":"","article_category":[],"yoast_head":"<!-- This site is optimized with the Yoast SEO plugin v22.0 - https:\/\/yoast.com\/wordpress\/plugins\/seo\/ -->\n<title>Lund<\/title>\n<meta name=\"description\" content=\"13 juni 2025 springer v\u00e5ra treor ut mot nya m\u00f6jligheter och \u00e4ventyr. L\u00e4s h\u00e4r vart utspringet sker och vilka tider som g\u00e4ller f\u00f6r klasserna.\" \/>\n<meta name=\"robots\" content=\"index, follow, max-snippet:-1, max-image-preview:large, max-video-preview:-1\" \/>\n<link rel=\"canonical\" href=\"https:\/\/ntigymnasiet.se\/lund\/nyheter\/studenten-2025\/\" \/>\n<meta property=\"og:locale\" content=\"sv_SE\" \/>\n<meta property=\"og:type\" content=\"article\" \/>\n<meta property=\"og:description\" content=\"13 juni 2025 springer v\u00e5ra treor ut mot nya m\u00f6jligheter och \u00e4ventyr. L\u00e4s h\u00e4r vart utspringet sker och vilka tider som g\u00e4ller f\u00f6r klasserna.\" \/>\n<meta property=\"og:url\" content=\"https:\/\/ntigymnasiet.se\/lund\/nyheter\/studenten-2025\/\" \/>\n<meta property=\"og:site_name\" content=\"Lund\" \/>\n<meta property=\"article:modified_time\" content=\"2026-02-12T15:50:09+00:00\" \/>\n<meta name=\"twitter:card\" content=\"summary_large_image\" \/>\n<meta name=\"twitter:description\" content=\"13 juni 2025 springer v\u00e5ra treor ut mot nya m\u00f6jligheter och \u00e4ventyr. L\u00e4s h\u00e4r vart utspringet sker och vilka tider som g\u00e4ller f\u00f6r klasserna.\" \/>\n<meta name=\"twitter:image\" content=\"https:\/\/ntigymnasiet.se\/wp-content\/uploads\/sites\/11\/2025\/03\/jordgubbstarta-med-svenska-flaggan-och-med-texten-student-2025-1200x630.jpg\" \/>\n<meta name=\"twitter:label1\" content=\"Est. reading time\" \/>\n\t<meta name=\"twitter:data1\" content=\"1 minut\" \/>\n<script type=\"application\/ld+json\" class=\"yoast-schema-graph\">{\"@context\":\"https:\/\/schema.org\",\"@graph\":[{\"@type\":\"WebPage\",\"@id\":\"https:\/\/ntigymnasiet.se\/lund\/nyheter\/studenten-2025\/\",\"url\":\"https:\/\/ntigymnasiet.se\/lund\/nyheter\/studenten-2025\/\",\"name\":\"Studenten 2025 - Lund\",\"isPartOf\":{\"@id\":\"https:\/\/ntigymnasiet.se\/lund\/#website\"},\"datePublished\":\"2025-03-19T11:27:39+00:00\",\"dateModified\":\"2026-02-12T15:50:09+00:00\",\"description\":\"13 juni 2025 springer v\u00e5ra treor ut mot nya m\u00f6jligheter och \u00e4ventyr. L\u00e4s h\u00e4r vart utspringet sker och vilka tider som g\u00e4ller f\u00f6r klasserna.\",\"breadcrumb\":{\"@id\":\"https:\/\/ntigymnasiet.se\/lund\/nyheter\/studenten-2025\/#breadcrumb\"},\"inLanguage\":\"sv-SE\",\"potentialAction\":[{\"@type\":\"ReadAction\",\"target\":[\"https:\/\/ntigymnasiet.se\/lund\/nyheter\/studenten-2025\/\"]}]},{\"@type\":\"BreadcrumbList\",\"@id\":\"https:\/\/ntigymnasiet.se\/lund\/nyheter\/studenten-2025\/#breadcrumb\",\"itemListElement\":[{\"@type\":\"ListItem\",\"position\":1,\"name\":\"Start\",\"item\":\"https:\/\/ntigymnasiet.se\/lund\"},{\"@type\":\"ListItem\",\"position\":2,\"name\":\"Nyheter\"}]},{\"@type\":\"WebSite\",\"@id\":\"https:\/\/ntigymnasiet.se\/lund\/#website\",\"url\":\"https:\/\/ntigymnasiet.se\/lund\/\",\"name\":\"Lund\",\"description\":\"Just another WordPress site\",\"potentialAction\":[{\"@type\":\"SearchAction\",\"target\":{\"@type\":\"EntryPoint\",\"urlTemplate\":\"https:\/\/ntigymnasiet.se\/lund\/?s={search_term_string}\"},\"query-input\":\"required name=search_term_string\"}],\"inLanguage\":\"sv-SE\"}]}<\/script>\n<!-- \/ Yoast SEO plugin. -->","yoast_head_json":{"title":"Lund","description":"13 juni 2025 springer v\u00e5ra treor ut mot nya m\u00f6jligheter och \u00e4ventyr. L\u00e4s h\u00e4r vart utspringet sker och vilka tider som g\u00e4ller f\u00f6r klasserna.","robots":{"index":"index","follow":"follow","max-snippet":"max-snippet:-1","max-image-preview":"max-image-preview:large","max-video-preview":"max-video-preview:-1"},"canonical":"https:\/\/ntigymnasiet.se\/lund\/nyheter\/studenten-2025\/","og_locale":"sv_SE","og_type":"article","og_description":"13 juni 2025 springer v\u00e5ra treor ut mot nya m\u00f6jligheter och \u00e4ventyr. L\u00e4s h\u00e4r vart utspringet sker och vilka tider som g\u00e4ller f\u00f6r klasserna.","og_url":"https:\/\/ntigymnasiet.se\/lund\/nyheter\/studenten-2025\/","og_site_name":"Lund","article_modified_time":"2026-02-12T15:50:09+00:00","twitter_card":"summary_large_image","twitter_description":"13 juni 2025 springer v\u00e5ra treor ut mot nya m\u00f6jligheter och \u00e4ventyr. L\u00e4s h\u00e4r vart utspringet sker och vilka tider som g\u00e4ller f\u00f6r klasserna.","twitter_image":"https:\/\/ntigymnasiet.se\/wp-content\/uploads\/sites\/11\/2025\/03\/jordgubbstarta-med-svenska-flaggan-och-med-texten-student-2025-1200x630.jpg","twitter_misc":{"Est. reading time":"1 minut"},"schema":{"@context":"https:\/\/schema.org","@graph":[{"@type":"WebPage","@id":"https:\/\/ntigymnasiet.se\/lund\/nyheter\/studenten-2025\/","url":"https:\/\/ntigymnasiet.se\/lund\/nyheter\/studenten-2025\/","name":"Studenten 2025 - Lund","isPartOf":{"@id":"https:\/\/ntigymnasiet.se\/lund\/#website"},"datePublished":"2025-03-19T11:27:39+00:00","dateModified":"2026-02-12T15:50:09+00:00","description":"13 juni 2025 springer v\u00e5ra treor ut mot nya m\u00f6jligheter och \u00e4ventyr. L\u00e4s h\u00e4r vart utspringet sker och vilka tider som g\u00e4ller f\u00f6r klasserna.","breadcrumb":{"@id":"https:\/\/ntigymnasiet.se\/lund\/nyheter\/studenten-2025\/#breadcrumb"},"inLanguage":"sv-SE","potentialAction":[{"@type":"ReadAction","target":["https:\/\/ntigymnasiet.se\/lund\/nyheter\/studenten-2025\/"]}]},{"@type":"BreadcrumbList","@id":"https:\/\/ntigymnasiet.se\/lund\/nyheter\/studenten-2025\/#breadcrumb","itemListElement":[{"@type":"ListItem","position":1,"name":"Start","item":"https:\/\/ntigymnasiet.se\/lund"},{"@type":"ListItem","position":2,"name":"Nyheter"}]},{"@type":"WebSite","@id":"https:\/\/ntigymnasiet.se\/lund\/#website","url":"https:\/\/ntigymnasiet.se\/lund\/","name":"Lund","description":"Just another WordPress site","potentialAction":[{"@type":"SearchAction","target":{"@type":"EntryPoint","urlTemplate":"https:\/\/ntigymnasiet.se\/lund\/?s={search_term_string}"},"query-input":"required name=search_term_string"}],"inLanguage":"sv-SE"}]}},"_links":{"self":[{"href":"https:\/\/ntigymnasiet.se\/lund\/wp-json\/wp\/v2\/article\/1547"}],"collection":[{"href":"https:\/\/ntigymnasiet.se\/lund\/wp-json\/wp\/v2\/article"}],"about":[{"href":"https:\/\/ntigymnasiet.se\/lund\/wp-json\/wp\/v2\/types\/article"}],"wp:attachment":[{"href":"https:\/\/ntigymnasiet.se\/lund\/wp-json\/wp\/v2\/media?parent=1547"}],"wp:term":[{"taxonomy":"article_category","embeddable":true,"href":"https:\/\/ntigymnasiet.se\/lund\/wp-json\/wp\/v2\/article_category?post=1547"}],"curies":[{"name":"wp","href":"https:\/\/api.w.org\/{rel}","templated":true}]}}