{"id":1174,"date":"2023-10-10T14:56:44","date_gmt":"2023-10-10T12:56:44","guid":{"rendered":"https:\/\/ntigymnasiet.se\/malmo\/?post_type=article&#038;p=1174"},"modified":"2026-02-13T12:54:28","modified_gmt":"2026-02-13T11:54:28","slug":"framtidsmassan-2023","status":"publish","type":"article","link":"https:\/\/ntigymnasiet.se\/malmo\/nyheter\/framtidsmassan-2023\/","title":{"rendered":"Framtidsm\u00e4ssan 2023"},"content":{"rendered":"\n<p><\/p>\n\n\n\n<div class=\"wp-block-columns is-layout-flex wp-container-core-columns-layout-1 wp-block-columns-is-layout-flex\">\n<div class=\"wp-block-column is-layout-flow wp-block-column-is-layout-flow\" style=\"flex-basis:10%\"><\/div>\n\n\n\n<div class=\"wp-block-column is-layout-flow wp-block-column-is-layout-flow\" style=\"flex-basis:80%\">\t<div\n\t\t class=\"module_wrapper container-fluid images-module\" >\n\t\t<div class=\"row\">\n\t\t\t<div\n\t\t\t\t\tclass=\"col-12 m-0 p-0 position-relative images_module__slideshow images_module__slideshow-container module-expand \">\n\n\t\t\t\t<div class=\"images_module__slide \" data-slide=\"\"\n\t\t\t\t\t data-duration=\"\"><\/div>\n\t\t\t\t\t\t\t\t\t<div\n\t\t\t\t\t\t class=\"images_module__slides \">\n\n\n\t\t\t\t\t\t<div class=\"images__wrapper\"\n\t\t\t\t\t\t\t style=\"aspect-ratio: 851 \/ 531;\">\n\t\t\t\t\t\t\t<img decoding=\"async\" width=\"692\" height=\"389\" src=\"https:\/\/ntigymnasiet.se\/wp-content\/uploads\/sites\/12\/2023\/10\/6.jpg\" class=\"images__image_ratio  \" alt=\"En l\u00e4rare pratar med tv\u00e5 elever.\" style=\"aspect-ratio: 851 \/ 531;object-position: center center;\" srcset=\"https:\/\/ntigymnasiet.se\/wp-content\/uploads\/sites\/12\/2023\/10\/6.jpg 692w, https:\/\/ntigymnasiet.se\/wp-content\/uploads\/sites\/12\/2023\/10\/6-300x169.jpg 300w, https:\/\/ntigymnasiet.se\/wp-content\/uploads\/sites\/12\/2023\/10\/6-400x225.jpg 400w, https:\/\/ntigymnasiet.se\/wp-content\/uploads\/sites\/12\/2023\/10\/6-600x337.jpg 600w\" sizes=\"(max-width: 692px) 100vw, 692px\" \/>\t\t\t\t\t\t<\/div>\n\n\t\t\t\t\t\t\n\t\t\t\t\t\t\t\t\t\t\t<\/div>\n\t\t\t\t\n\t\t\t\t<div class=\"images_module__container_dot \">\n\t\t\t\t\t<div style=\"text-align:center\">\n\t\t\t\t\t\t\t\t\t\t\t\t\t<span   data-i=\"0\"\n\t\t\t\t\t\t\t\t  class=\"images_module__dot\n\t\t\t\t\t\t\t\t\t\t\t\t\t  \"><\/span>\n\t\t\t\t\t\t\t\t\t\t\t<\/div>\n\t\t\t\t<\/div>\n\n\t\t\t<\/div>\n\t\t<\/div>\n\t<\/div>\n\n\n\t\n\n\n<script>\n\tvar images_display_descriptive_text = \"\";\n<\/script>\n<\/div>\n\n\n\n<div class=\"wp-block-column is-layout-flow wp-block-column-is-layout-flow\" style=\"flex-basis:10%\"><\/div>\n<\/div>\n\n\n\n<div class=\"wp-block-columns is-layout-flex wp-container-core-columns-layout-2 wp-block-columns-is-layout-flex\">\n<div class=\"wp-block-column is-layout-flow wp-block-column-is-layout-flow\" style=\"flex-basis:15%\"><\/div>\n\n\n\n<div class=\"wp-block-column is-layout-flow wp-block-column-is-layout-flow\" style=\"flex-basis:70%\">\n<h1 class=\"wp-block-heading\">Framtidsm\u00e4ssa i Helsingborg<\/h1>\n\n\n\n<p   class=\"site__ingress container text-left  site__text-color--dark  site__free_text--ingress p-0\">\n\tDen 11 oktober \u00e4r det dags f\u00f6r \u00e5rets Framtidsm\u00e4ssa f\u00f6r v\u00e5ra elever i \u00e5k 3. Detta \u00e5ret \u00e4r m\u00e4ssan i Helsingborg. <\/p>\n\n\n\n\n\n<h2 class=\"wp-block-heading\">Vem riktar sig m\u00e4ssan till?<\/h2>\n\n\n\n<p>M\u00e4ssan riktar sig till eleverna i \u00e5k 2 och 3 p\u00e5 el- och energi- och teknikprogrammet fr\u00e5n NTI Gymnasierna i Sk\u00e5ne \u2013 Malm\u00f6, Lund, Kristianstad och Helsingborg. <\/p>\n\n\n\n<h2 class=\"wp-block-heading\">Hur g\u00e5r det till p\u00e5 Framtidsm\u00e4ssan?<\/h2>\n\n\n\n<p>Framtidsm\u00e4ssan \u00e4r uppdelad i tv\u00e5 delar. F\u00f6rsta delen \u00e4r en utst\u00e4llning d\u00e4r elever kan tr\u00e4ffa och prata med f\u00f6retagare och olika skolor f\u00f6r att ta del av vilka omr\u00e5den de verkar inom. Andra delen \u00e4r en kortare framtidsspaning och panelsamtal d\u00e4r eleverna f\u00e5r lyssna till n\u00e5gra olika f\u00f6retag och sedan \u00e4ven ha ett kort samtal om hur arbetsmarknaden ser ut i framtiden.<\/p>\n<\/div>\n\n\n\n<div class=\"wp-block-column is-layout-flow wp-block-column-is-layout-flow\" style=\"flex-basis:15%\"><\/div>\n<\/div>\n","protected":false},"template":"","article_category":[6],"yoast_head":"<!-- This site is optimized with the Yoast SEO plugin v22.0 - https:\/\/yoast.com\/wordpress\/plugins\/seo\/ -->\n<title>Malm\u00f6<\/title>\n<meta name=\"description\" content=\"Den 11 oktober 2023 \u00e4r det dags f\u00f6r \u00e5rets Framtidsm\u00e4ssa f\u00f6r v\u00e5ra elever i \u00e5k 3. Detta \u00e5ret \u00e4r m\u00e4ssan i Helsingborg.\" \/>\n<meta name=\"robots\" content=\"index, follow, max-snippet:-1, max-image-preview:large, max-video-preview:-1\" \/>\n<link rel=\"canonical\" href=\"https:\/\/ntigymnasiet.se\/malmo\/nyheter\/framtidsmassan-2023\/\" \/>\n<meta property=\"og:locale\" content=\"sv_SE\" \/>\n<meta property=\"og:type\" content=\"article\" \/>\n<meta property=\"og:description\" content=\"Den 11 oktober 2023 \u00e4r det dags f\u00f6r \u00e5rets Framtidsm\u00e4ssa f\u00f6r v\u00e5ra elever i \u00e5k 3. Detta \u00e5ret \u00e4r m\u00e4ssan i Helsingborg.\" \/>\n<meta property=\"og:url\" content=\"https:\/\/ntigymnasiet.se\/malmo\/nyheter\/framtidsmassan-2023\/\" \/>\n<meta property=\"og:site_name\" content=\"Malm\u00f6\" \/>\n<meta property=\"article:modified_time\" content=\"2026-02-13T11:54:28+00:00\" \/>\n<meta name=\"twitter:card\" content=\"summary_large_image\" \/>\n<meta name=\"twitter:description\" content=\"Den 11 oktober 2023 \u00e4r det dags f\u00f6r \u00e5rets Framtidsm\u00e4ssa f\u00f6r v\u00e5ra elever i \u00e5k 3. Detta \u00e5ret \u00e4r m\u00e4ssan i Helsingborg.\" \/>\n<meta name=\"twitter:label1\" content=\"Est. reading time\" \/>\n\t<meta name=\"twitter:data1\" content=\"2 minuter\" \/>\n<script type=\"application\/ld+json\" class=\"yoast-schema-graph\">{\"@context\":\"https:\/\/schema.org\",\"@graph\":[{\"@type\":\"WebPage\",\"@id\":\"https:\/\/ntigymnasiet.se\/malmo\/nyheter\/framtidsmassan-2023\/\",\"url\":\"https:\/\/ntigymnasiet.se\/malmo\/nyheter\/framtidsmassan-2023\/\",\"name\":\"Framtidsm\u00e4ssan 2023 - Malm\u00f6\",\"isPartOf\":{\"@id\":\"https:\/\/ntigymnasiet.se\/malmo\/#website\"},\"datePublished\":\"2023-10-10T12:56:44+00:00\",\"dateModified\":\"2026-02-13T11:54:28+00:00\",\"description\":\"Den 11 oktober 2023 \u00e4r det dags f\u00f6r \u00e5rets Framtidsm\u00e4ssa f\u00f6r v\u00e5ra elever i \u00e5k 3. Detta \u00e5ret \u00e4r m\u00e4ssan i Helsingborg.\",\"breadcrumb\":{\"@id\":\"https:\/\/ntigymnasiet.se\/malmo\/nyheter\/framtidsmassan-2023\/#breadcrumb\"},\"inLanguage\":\"sv-SE\",\"potentialAction\":[{\"@type\":\"ReadAction\",\"target\":[\"https:\/\/ntigymnasiet.se\/malmo\/nyheter\/framtidsmassan-2023\/\"]}]},{\"@type\":\"BreadcrumbList\",\"@id\":\"https:\/\/ntigymnasiet.se\/malmo\/nyheter\/framtidsmassan-2023\/#breadcrumb\",\"itemListElement\":[{\"@type\":\"ListItem\",\"position\":1,\"name\":\"Start\",\"item\":\"https:\/\/ntigymnasiet.se\/malmo\"},{\"@type\":\"ListItem\",\"position\":2,\"name\":\"Nyheter\"}]},{\"@type\":\"WebSite\",\"@id\":\"https:\/\/ntigymnasiet.se\/malmo\/#website\",\"url\":\"https:\/\/ntigymnasiet.se\/malmo\/\",\"name\":\"Malm\u00f6\",\"description\":\"Just another WordPress site\",\"potentialAction\":[{\"@type\":\"SearchAction\",\"target\":{\"@type\":\"EntryPoint\",\"urlTemplate\":\"https:\/\/ntigymnasiet.se\/malmo\/?s={search_term_string}\"},\"query-input\":\"required name=search_term_string\"}],\"inLanguage\":\"sv-SE\"}]}<\/script>\n<!-- \/ Yoast SEO plugin. -->","yoast_head_json":{"title":"Malm\u00f6","description":"Den 11 oktober 2023 \u00e4r det dags f\u00f6r \u00e5rets Framtidsm\u00e4ssa f\u00f6r v\u00e5ra elever i \u00e5k 3. Detta \u00e5ret \u00e4r m\u00e4ssan i Helsingborg.","robots":{"index":"index","follow":"follow","max-snippet":"max-snippet:-1","max-image-preview":"max-image-preview:large","max-video-preview":"max-video-preview:-1"},"canonical":"https:\/\/ntigymnasiet.se\/malmo\/nyheter\/framtidsmassan-2023\/","og_locale":"sv_SE","og_type":"article","og_description":"Den 11 oktober 2023 \u00e4r det dags f\u00f6r \u00e5rets Framtidsm\u00e4ssa f\u00f6r v\u00e5ra elever i \u00e5k 3. Detta \u00e5ret \u00e4r m\u00e4ssan i Helsingborg.","og_url":"https:\/\/ntigymnasiet.se\/malmo\/nyheter\/framtidsmassan-2023\/","og_site_name":"Malm\u00f6","article_modified_time":"2026-02-13T11:54:28+00:00","twitter_card":"summary_large_image","twitter_description":"Den 11 oktober 2023 \u00e4r det dags f\u00f6r \u00e5rets Framtidsm\u00e4ssa f\u00f6r v\u00e5ra elever i \u00e5k 3. Detta \u00e5ret \u00e4r m\u00e4ssan i Helsingborg.","twitter_misc":{"Est. reading time":"2 minuter"},"schema":{"@context":"https:\/\/schema.org","@graph":[{"@type":"WebPage","@id":"https:\/\/ntigymnasiet.se\/malmo\/nyheter\/framtidsmassan-2023\/","url":"https:\/\/ntigymnasiet.se\/malmo\/nyheter\/framtidsmassan-2023\/","name":"Framtidsm\u00e4ssan 2023 - Malm\u00f6","isPartOf":{"@id":"https:\/\/ntigymnasiet.se\/malmo\/#website"},"datePublished":"2023-10-10T12:56:44+00:00","dateModified":"2026-02-13T11:54:28+00:00","description":"Den 11 oktober 2023 \u00e4r det dags f\u00f6r \u00e5rets Framtidsm\u00e4ssa f\u00f6r v\u00e5ra elever i \u00e5k 3. Detta \u00e5ret \u00e4r m\u00e4ssan i Helsingborg.","breadcrumb":{"@id":"https:\/\/ntigymnasiet.se\/malmo\/nyheter\/framtidsmassan-2023\/#breadcrumb"},"inLanguage":"sv-SE","potentialAction":[{"@type":"ReadAction","target":["https:\/\/ntigymnasiet.se\/malmo\/nyheter\/framtidsmassan-2023\/"]}]},{"@type":"BreadcrumbList","@id":"https:\/\/ntigymnasiet.se\/malmo\/nyheter\/framtidsmassan-2023\/#breadcrumb","itemListElement":[{"@type":"ListItem","position":1,"name":"Start","item":"https:\/\/ntigymnasiet.se\/malmo"},{"@type":"ListItem","position":2,"name":"Nyheter"}]},{"@type":"WebSite","@id":"https:\/\/ntigymnasiet.se\/malmo\/#website","url":"https:\/\/ntigymnasiet.se\/malmo\/","name":"Malm\u00f6","description":"Just another WordPress site","potentialAction":[{"@type":"SearchAction","target":{"@type":"EntryPoint","urlTemplate":"https:\/\/ntigymnasiet.se\/malmo\/?s={search_term_string}"},"query-input":"required name=search_term_string"}],"inLanguage":"sv-SE"}]}},"_links":{"self":[{"href":"https:\/\/ntigymnasiet.se\/malmo\/wp-json\/wp\/v2\/article\/1174"}],"collection":[{"href":"https:\/\/ntigymnasiet.se\/malmo\/wp-json\/wp\/v2\/article"}],"about":[{"href":"https:\/\/ntigymnasiet.se\/malmo\/wp-json\/wp\/v2\/types\/article"}],"wp:attachment":[{"href":"https:\/\/ntigymnasiet.se\/malmo\/wp-json\/wp\/v2\/media?parent=1174"}],"wp:term":[{"taxonomy":"article_category","embeddable":true,"href":"https:\/\/ntigymnasiet.se\/malmo\/wp-json\/wp\/v2\/article_category?post=1174"}],"curies":[{"name":"wp","href":"https:\/\/api.w.org\/{rel}","templated":true}]}}