{"id":1419,"date":"2024-08-07T10:12:19","date_gmt":"2024-08-07T08:12:19","guid":{"rendered":"https:\/\/ntigymnasiet.se\/malmo\/?post_type=article&#038;p=1419"},"modified":"2026-02-13T11:55:15","modified_gmt":"2026-02-13T10:55:15","slug":"upprop-ak-1","status":"publish","type":"article","link":"https:\/\/ntigymnasiet.se\/malmo\/nyheter\/upprop-ak-1\/","title":{"rendered":"F\u00f6r\u00e4ldram\u00f6te \u00e5k 1"},"content":{"rendered":"\n<div class=\"wp-block-columns is-layout-flex wp-container-core-columns-layout-1 wp-block-columns-is-layout-flex\">\n<div class=\"wp-block-column is-layout-flow wp-block-column-is-layout-flow\" style=\"flex-basis:15%\"><\/div>\n\n\n\n<div class=\"wp-block-column is-layout-flow wp-block-column-is-layout-flow\" style=\"flex-basis:70%\">\t<div\n\t\t class=\"module_wrapper container-fluid images-module\" >\n\t\t<div class=\"row\">\n\t\t\t<div\n\t\t\t\t\tclass=\"col-12 m-0 p-0 position-relative images_module__slideshow images_module__slideshow-container module-expand \">\n\n\t\t\t\t<div class=\"images_module__slide \" data-slide=\"\"\n\t\t\t\t\t data-duration=\"\"><\/div>\n\t\t\t\t\t\t\t\t\t<div\n\t\t\t\t\t\t class=\"images_module__slides \">\n\n\n\t\t\t\t\t\t<div class=\"images__wrapper\"\n\t\t\t\t\t\t\t style=\"aspect-ratio: 851 \/ 531;\">\n\t\t\t\t\t\t\t<img decoding=\"async\" width=\"1430\" height=\"805\" src=\"https:\/\/ntigymnasiet.se\/wp-content\/uploads\/sites\/12\/2024\/08\/skylt-bergsgatan-20.jpg\" class=\"images__image_ratio  \" alt=\"Skylt bergsgatan 20.\" style=\"aspect-ratio: 851 \/ 531;object-position: center center;\" srcset=\"https:\/\/ntigymnasiet.se\/wp-content\/uploads\/sites\/12\/2024\/08\/skylt-bergsgatan-20.jpg 1430w, https:\/\/ntigymnasiet.se\/wp-content\/uploads\/sites\/12\/2024\/08\/skylt-bergsgatan-20-300x169.jpg 300w, https:\/\/ntigymnasiet.se\/wp-content\/uploads\/sites\/12\/2024\/08\/skylt-bergsgatan-20-400x225.jpg 400w, https:\/\/ntigymnasiet.se\/wp-content\/uploads\/sites\/12\/2024\/08\/skylt-bergsgatan-20-600x338.jpg 600w, https:\/\/ntigymnasiet.se\/wp-content\/uploads\/sites\/12\/2024\/08\/skylt-bergsgatan-20-800x450.jpg 800w, https:\/\/ntigymnasiet.se\/wp-content\/uploads\/sites\/12\/2024\/08\/skylt-bergsgatan-20-1024x576.jpg 1024w, https:\/\/ntigymnasiet.se\/wp-content\/uploads\/sites\/12\/2024\/08\/skylt-bergsgatan-20-1200x676.jpg 1200w\" sizes=\"(max-width: 1430px) 100vw, 1430px\" \/>\t\t\t\t\t\t<\/div>\n\n\t\t\t\t\t\t\n\t\t\t\t\t\t\t\t\t\t\t<\/div>\n\t\t\t\t\n\t\t\t\t<div class=\"images_module__container_dot \">\n\t\t\t\t\t<div style=\"text-align:center\">\n\t\t\t\t\t\t\t\t\t\t\t\t\t<span   data-i=\"0\"\n\t\t\t\t\t\t\t\t  class=\"images_module__dot\n\t\t\t\t\t\t\t\t\t\t\t\t\t  \"><\/span>\n\t\t\t\t\t\t\t\t\t\t\t<\/div>\n\t\t\t\t<\/div>\n\n\t\t\t<\/div>\n\t\t<\/div>\n\t<\/div>\n\n\n\t\n\n\n<script>\n\tvar images_display_descriptive_text = \"\";\n<\/script>\n\n\n\n<div style=\"height:35px\" aria-hidden=\"true\" class=\"wp-block-spacer\"><\/div>\n\n\n\n<h1 class=\"wp-block-heading\"> F\u00f6r\u00e4ldram\u00f6te \u00e5k 1<\/h1>\n\n\n\n<p   class=\"site__ingress container text-left  site__text-color--dark  site__free_text--ingress p-0\">\n\tDen 16 september klockan 17.30 bjuder vi in till f\u00f6r\u00e4ldram\u00f6te f\u00f6r v\u00e5rdnadshavare i \u00e5rskurs 1. <\/p>\n\n\n\n\n\n<p>Efter f\u00f6r\u00e4ldram\u00f6tet finns m\u00f6jlighet att stanna kvar f\u00f6r att lyssna p\u00e5 en<br>minif\u00f6rel\u00e4sning av psykolog Jessica Carlsson p\u00e5 temat \u201dHur hj\u00e4lper jag mitt barn att m\u00e5<br>bra under gymnasiet?\u201d<\/p>\n\n\n\n<p>Ni \u00e4r v\u00e4lkomna via ing\u00e5ngen Bergsgatan 20, och sedan upp till v\u00e5ning 3.<\/p>\n<\/div>\n\n\n\n<div class=\"wp-block-column is-layout-flow wp-block-column-is-layout-flow\" style=\"flex-basis:15%\"><\/div>\n<\/div>\n","protected":false},"template":"","article_category":[],"yoast_head":"<!-- This site is optimized with the Yoast SEO plugin v22.0 - https:\/\/yoast.com\/wordpress\/plugins\/seo\/ -->\n<title>Malm\u00f6<\/title>\n<meta name=\"description\" content=\"Den 16 september klockan 17.30 2024 bjuder vi in till f\u00f6r\u00e4ldram\u00f6te f\u00f6r v\u00e5rdnadshavare i \u00e5rskurs 1. L\u00e4s h\u00e4r f\u00f6r att veta vart m\u00f6tet \u00e4ger rum.\" \/>\n<meta name=\"robots\" content=\"index, follow, max-snippet:-1, max-image-preview:large, max-video-preview:-1\" \/>\n<link rel=\"canonical\" href=\"https:\/\/ntigymnasiet.se\/malmo\/nyheter\/upprop-ak-1\/\" \/>\n<meta property=\"og:locale\" content=\"sv_SE\" \/>\n<meta property=\"og:type\" content=\"article\" \/>\n<meta property=\"og:description\" content=\"Den 16 september klockan 17.30 2024 bjuder vi in till f\u00f6r\u00e4ldram\u00f6te f\u00f6r v\u00e5rdnadshavare i \u00e5rskurs 1. L\u00e4s h\u00e4r f\u00f6r att veta vart m\u00f6tet \u00e4ger rum.\" \/>\n<meta property=\"og:url\" content=\"https:\/\/ntigymnasiet.se\/malmo\/nyheter\/upprop-ak-1\/\" \/>\n<meta property=\"og:site_name\" content=\"Malm\u00f6\" \/>\n<meta property=\"article:modified_time\" content=\"2026-02-13T10:55:15+00:00\" \/>\n<meta name=\"twitter:card\" content=\"summary_large_image\" \/>\n<meta name=\"twitter:description\" content=\"Den 16 september klockan 17.30 2024 bjuder vi in till f\u00f6r\u00e4ldram\u00f6te f\u00f6r v\u00e5rdnadshavare i \u00e5rskurs 1. L\u00e4s h\u00e4r f\u00f6r att veta vart m\u00f6tet \u00e4ger rum.\" \/>\n<meta name=\"twitter:image\" content=\"https:\/\/ntigymnasiet.se\/wp-content\/uploads\/sites\/12\/2024\/08\/skylt-bergsgatan-20-1200x630.jpg\" \/>\n<meta name=\"twitter:label1\" content=\"Est. reading time\" \/>\n\t<meta name=\"twitter:data1\" content=\"2 minuter\" \/>\n<script type=\"application\/ld+json\" class=\"yoast-schema-graph\">{\"@context\":\"https:\/\/schema.org\",\"@graph\":[{\"@type\":\"WebPage\",\"@id\":\"https:\/\/ntigymnasiet.se\/malmo\/nyheter\/upprop-ak-1\/\",\"url\":\"https:\/\/ntigymnasiet.se\/malmo\/nyheter\/upprop-ak-1\/\",\"name\":\"F\u00f6r\u00e4ldram\u00f6te \u00e5k 1 - Malm\u00f6\",\"isPartOf\":{\"@id\":\"https:\/\/ntigymnasiet.se\/malmo\/#website\"},\"datePublished\":\"2024-08-07T08:12:19+00:00\",\"dateModified\":\"2026-02-13T10:55:15+00:00\",\"description\":\"Den 16 september klockan 17.30 2024 bjuder vi in till f\u00f6r\u00e4ldram\u00f6te f\u00f6r v\u00e5rdnadshavare i \u00e5rskurs 1. L\u00e4s h\u00e4r f\u00f6r att veta vart m\u00f6tet \u00e4ger rum.\",\"breadcrumb\":{\"@id\":\"https:\/\/ntigymnasiet.se\/malmo\/nyheter\/upprop-ak-1\/#breadcrumb\"},\"inLanguage\":\"sv-SE\",\"potentialAction\":[{\"@type\":\"ReadAction\",\"target\":[\"https:\/\/ntigymnasiet.se\/malmo\/nyheter\/upprop-ak-1\/\"]}]},{\"@type\":\"BreadcrumbList\",\"@id\":\"https:\/\/ntigymnasiet.se\/malmo\/nyheter\/upprop-ak-1\/#breadcrumb\",\"itemListElement\":[{\"@type\":\"ListItem\",\"position\":1,\"name\":\"Start\",\"item\":\"https:\/\/ntigymnasiet.se\/malmo\"},{\"@type\":\"ListItem\",\"position\":2,\"name\":\"Nyheter\"}]},{\"@type\":\"WebSite\",\"@id\":\"https:\/\/ntigymnasiet.se\/malmo\/#website\",\"url\":\"https:\/\/ntigymnasiet.se\/malmo\/\",\"name\":\"Malm\u00f6\",\"description\":\"Just another WordPress site\",\"potentialAction\":[{\"@type\":\"SearchAction\",\"target\":{\"@type\":\"EntryPoint\",\"urlTemplate\":\"https:\/\/ntigymnasiet.se\/malmo\/?s={search_term_string}\"},\"query-input\":\"required name=search_term_string\"}],\"inLanguage\":\"sv-SE\"}]}<\/script>\n<!-- \/ Yoast SEO plugin. -->","yoast_head_json":{"title":"Malm\u00f6","description":"Den 16 september klockan 17.30 2024 bjuder vi in till f\u00f6r\u00e4ldram\u00f6te f\u00f6r v\u00e5rdnadshavare i \u00e5rskurs 1. L\u00e4s h\u00e4r f\u00f6r att veta vart m\u00f6tet \u00e4ger rum.","robots":{"index":"index","follow":"follow","max-snippet":"max-snippet:-1","max-image-preview":"max-image-preview:large","max-video-preview":"max-video-preview:-1"},"canonical":"https:\/\/ntigymnasiet.se\/malmo\/nyheter\/upprop-ak-1\/","og_locale":"sv_SE","og_type":"article","og_description":"Den 16 september klockan 17.30 2024 bjuder vi in till f\u00f6r\u00e4ldram\u00f6te f\u00f6r v\u00e5rdnadshavare i \u00e5rskurs 1. L\u00e4s h\u00e4r f\u00f6r att veta vart m\u00f6tet \u00e4ger rum.","og_url":"https:\/\/ntigymnasiet.se\/malmo\/nyheter\/upprop-ak-1\/","og_site_name":"Malm\u00f6","article_modified_time":"2026-02-13T10:55:15+00:00","twitter_card":"summary_large_image","twitter_description":"Den 16 september klockan 17.30 2024 bjuder vi in till f\u00f6r\u00e4ldram\u00f6te f\u00f6r v\u00e5rdnadshavare i \u00e5rskurs 1. L\u00e4s h\u00e4r f\u00f6r att veta vart m\u00f6tet \u00e4ger rum.","twitter_image":"https:\/\/ntigymnasiet.se\/wp-content\/uploads\/sites\/12\/2024\/08\/skylt-bergsgatan-20-1200x630.jpg","twitter_misc":{"Est. reading time":"2 minuter"},"schema":{"@context":"https:\/\/schema.org","@graph":[{"@type":"WebPage","@id":"https:\/\/ntigymnasiet.se\/malmo\/nyheter\/upprop-ak-1\/","url":"https:\/\/ntigymnasiet.se\/malmo\/nyheter\/upprop-ak-1\/","name":"F\u00f6r\u00e4ldram\u00f6te \u00e5k 1 - Malm\u00f6","isPartOf":{"@id":"https:\/\/ntigymnasiet.se\/malmo\/#website"},"datePublished":"2024-08-07T08:12:19+00:00","dateModified":"2026-02-13T10:55:15+00:00","description":"Den 16 september klockan 17.30 2024 bjuder vi in till f\u00f6r\u00e4ldram\u00f6te f\u00f6r v\u00e5rdnadshavare i \u00e5rskurs 1. L\u00e4s h\u00e4r f\u00f6r att veta vart m\u00f6tet \u00e4ger rum.","breadcrumb":{"@id":"https:\/\/ntigymnasiet.se\/malmo\/nyheter\/upprop-ak-1\/#breadcrumb"},"inLanguage":"sv-SE","potentialAction":[{"@type":"ReadAction","target":["https:\/\/ntigymnasiet.se\/malmo\/nyheter\/upprop-ak-1\/"]}]},{"@type":"BreadcrumbList","@id":"https:\/\/ntigymnasiet.se\/malmo\/nyheter\/upprop-ak-1\/#breadcrumb","itemListElement":[{"@type":"ListItem","position":1,"name":"Start","item":"https:\/\/ntigymnasiet.se\/malmo"},{"@type":"ListItem","position":2,"name":"Nyheter"}]},{"@type":"WebSite","@id":"https:\/\/ntigymnasiet.se\/malmo\/#website","url":"https:\/\/ntigymnasiet.se\/malmo\/","name":"Malm\u00f6","description":"Just another WordPress site","potentialAction":[{"@type":"SearchAction","target":{"@type":"EntryPoint","urlTemplate":"https:\/\/ntigymnasiet.se\/malmo\/?s={search_term_string}"},"query-input":"required name=search_term_string"}],"inLanguage":"sv-SE"}]}},"_links":{"self":[{"href":"https:\/\/ntigymnasiet.se\/malmo\/wp-json\/wp\/v2\/article\/1419"}],"collection":[{"href":"https:\/\/ntigymnasiet.se\/malmo\/wp-json\/wp\/v2\/article"}],"about":[{"href":"https:\/\/ntigymnasiet.se\/malmo\/wp-json\/wp\/v2\/types\/article"}],"wp:attachment":[{"href":"https:\/\/ntigymnasiet.se\/malmo\/wp-json\/wp\/v2\/media?parent=1419"}],"wp:term":[{"taxonomy":"article_category","embeddable":true,"href":"https:\/\/ntigymnasiet.se\/malmo\/wp-json\/wp\/v2\/article_category?post=1419"}],"curies":[{"name":"wp","href":"https:\/\/api.w.org\/{rel}","templated":true}]}}