{"id":1585,"date":"2025-10-10T10:11:11","date_gmt":"2025-10-10T08:11:11","guid":{"rendered":"https:\/\/ntigymnasiet.se\/malmo\/?post_type=article&#038;p=1585"},"modified":"2026-02-13T12:56:20","modified_gmt":"2026-02-13T11:56:20","slug":"upprop-ak-1-2","status":"publish","type":"article","link":"https:\/\/ntigymnasiet.se\/malmo\/nyheter\/upprop-ak-1-2\/","title":{"rendered":"APL f\u00f6r \u00e5rskurs 3"},"content":{"rendered":"\n<div class=\"wp-block-columns is-layout-flex wp-container-core-columns-layout-1 wp-block-columns-is-layout-flex\">\n<div class=\"wp-block-column is-layout-flow wp-block-column-is-layout-flow\" style=\"flex-basis:15%\"><\/div>\n\n\n\n<div class=\"wp-block-column is-layout-flow wp-block-column-is-layout-flow\" style=\"flex-basis:70%\">\n\t<style>\n\t\t.inner {\n\n\t\t\tmargin: 0 auto;\n\n\n\t\t}\n\t<\/style>\n\t<div\n\t\t class=\"container images-module\" >\n\t\t<div class=\"row images_module__slideshow\">\n\n\t\t\t<div\n\t\t\t\t\tclass=\"col-md-12 p-0 position-relative images_module__slideshow images_module__slideshow-container  \">\n\t\t\t\t<div class=\"images_module__slide\" data-slide=\"\"\n\t\t\t\t\t data-duration=\"\"><\/div>\n\t\t\t\t\t\t\t\t\t<div\n\t\t\t\t\t\t class=\"images_module__slides\n\n\t\t\t\t\t   \"\n\t\t\t\t\t>\n\n\t\t\t\t\t\t<div class=\"images__wrapper\" style=\"aspect-ratio: 851 \/ 851;\">\n\t\t\t\t\t\t\t<img decoding=\"async\" width=\"700\" height=\"700\" src=\"https:\/\/ntigymnasiet.se\/wp-content\/uploads\/sites\/12\/2023\/05\/nti-el-energi-it-programmet-202204.png\" class=\"images__image_ratio  \" alt=\"Tv\u00e5 elever kopplar in IT kablar.\" style=\"aspect-ratio: 851 \/ 851;object-position: center center;\" srcset=\"https:\/\/ntigymnasiet.se\/wp-content\/uploads\/sites\/12\/2023\/05\/nti-el-energi-it-programmet-202204.png 700w, https:\/\/ntigymnasiet.se\/wp-content\/uploads\/sites\/12\/2023\/05\/nti-el-energi-it-programmet-202204-150x150.png 150w, https:\/\/ntigymnasiet.se\/wp-content\/uploads\/sites\/12\/2023\/05\/nti-el-energi-it-programmet-202204-300x300.png 300w, https:\/\/ntigymnasiet.se\/wp-content\/uploads\/sites\/12\/2023\/05\/nti-el-energi-it-programmet-202204-400x400.png 400w, https:\/\/ntigymnasiet.se\/wp-content\/uploads\/sites\/12\/2023\/05\/nti-el-energi-it-programmet-202204-600x600.png 600w\" sizes=\"(max-width: 700px) 100vw, 700px\" \/>\t\t\t\t\t\t<\/div>\n\t\t\t\t\t\t\n\n\t\t\t\t\t\t\t\t\t\t\t<\/div>\n\t\t\t\t\n\t\t\t\t<div class=\"images_module__container_dot\">\n\t\t\t\t\t<div style=\"text-align:center\">\n\n\n\t\t\t\t\t\t\t\t\t\t\t\t\t<span   data-i=\"0\"\n\t\t\t\t\t\t\t\t  class=\"\n\t\t\t\t\t\t\timages_module__dot\n\t\t\t\t\t\t\t\t\t\t\t\t\t\t\"\n\t\t\t\t\t\t\t><\/span>\n\t\t\t\t\t\t\t\t\t\t\t<\/div>\n\t\t\t\t<\/div>\n\n\n\t\t\t<\/div>\n\t\t<\/div>\n\t<\/div>\n\n\t\n\n\n<script>\n\tvar images_display_descriptive_text = \"\";\n<\/script>\n\n\n\n<h1 class=\"wp-block-heading\">APL<\/h1>\n\n\n\n<p   class=\"site__ingress container text-left  site__text-color--dark  site__free_text--ingress p-0\">\n\tNu \u00e4r det dags f\u00f6r en ny APL- period f\u00f6r v\u00e5ra \u00e5k 3 elever p\u00e5 El- och energiprogrammet. APL st\u00e5r f\u00f6r arbetsplatsf\u00f6rlagt l\u00e4rande. Eleverna p\u00e5 El- och energiprogrammet har sammanlagt 15 veckors APL under sin utbildning. Vi samarbetar med m\u00e5nga olika f\u00f6retag och organisationer runt om i Sk\u00e5ne.\r\n\r\n\r\n<\/p>\n\n\n\n\n\n<p><\/p>\n<\/div>\n\n\n\n<div class=\"wp-block-column is-layout-flow wp-block-column-is-layout-flow\" style=\"flex-basis:15%\"><\/div>\n<\/div>\n","protected":false},"template":"","article_category":[],"yoast_head":"<!-- This site is optimized with the Yoast SEO plugin v22.0 - https:\/\/yoast.com\/wordpress\/plugins\/seo\/ -->\n<title>Malm\u00f6<\/title>\n<meta name=\"description\" content=\"L\u00e4s om APL f\u00f6r \u00e5k 3 p\u00e5 El och energiprogrammet p\u00e5 NTI Gymnasiet Malm\u00f6 och hur elever f\u00e5r praktik hos f\u00f6retag i Sk\u00e5ne.\" \/>\n<meta name=\"robots\" content=\"index, follow, max-snippet:-1, max-image-preview:large, max-video-preview:-1\" \/>\n<link rel=\"canonical\" href=\"https:\/\/ntigymnasiet.se\/malmo\/nyheter\/upprop-ak-1-2\/\" \/>\n<meta property=\"og:locale\" content=\"sv_SE\" \/>\n<meta property=\"og:type\" content=\"article\" \/>\n<meta property=\"og:description\" content=\"L\u00e4s om APL f\u00f6r \u00e5k 3 p\u00e5 El och energiprogrammet p\u00e5 NTI Gymnasiet Malm\u00f6 och hur elever f\u00e5r praktik hos f\u00f6retag i Sk\u00e5ne.\" \/>\n<meta property=\"og:url\" content=\"https:\/\/ntigymnasiet.se\/malmo\/nyheter\/upprop-ak-1-2\/\" \/>\n<meta property=\"og:site_name\" content=\"Malm\u00f6\" \/>\n<meta property=\"article:modified_time\" content=\"2026-02-13T11:56:20+00:00\" \/>\n<meta name=\"twitter:card\" content=\"summary_large_image\" \/>\n<meta name=\"twitter:description\" content=\"L\u00e4s om APL f\u00f6r \u00e5k 3 p\u00e5 El och energiprogrammet p\u00e5 NTI Gymnasiet Malm\u00f6 och hur elever f\u00e5r praktik hos f\u00f6retag i Sk\u00e5ne.\" \/>\n<meta name=\"twitter:image\" content=\"https:\/\/ntigymnasiet.se\/wp-content\/uploads\/sites\/12\/2023\/05\/nti-el-energi-it-programmet-202204-700x630.png\" \/>\n<meta name=\"twitter:label1\" content=\"Est. reading time\" \/>\n\t<meta name=\"twitter:data1\" content=\"1 minut\" \/>\n<script type=\"application\/ld+json\" class=\"yoast-schema-graph\">{\"@context\":\"https:\/\/schema.org\",\"@graph\":[{\"@type\":\"WebPage\",\"@id\":\"https:\/\/ntigymnasiet.se\/malmo\/nyheter\/upprop-ak-1-2\/\",\"url\":\"https:\/\/ntigymnasiet.se\/malmo\/nyheter\/upprop-ak-1-2\/\",\"name\":\"APL f\u00f6r \u00e5rskurs 3 - Malm\u00f6\",\"isPartOf\":{\"@id\":\"https:\/\/ntigymnasiet.se\/malmo\/#website\"},\"datePublished\":\"2025-10-10T08:11:11+00:00\",\"dateModified\":\"2026-02-13T11:56:20+00:00\",\"description\":\"L\u00e4s om APL f\u00f6r \u00e5k 3 p\u00e5 El och energiprogrammet p\u00e5 NTI Gymnasiet Malm\u00f6 och hur elever f\u00e5r praktik hos f\u00f6retag i Sk\u00e5ne.\",\"breadcrumb\":{\"@id\":\"https:\/\/ntigymnasiet.se\/malmo\/nyheter\/upprop-ak-1-2\/#breadcrumb\"},\"inLanguage\":\"sv-SE\",\"potentialAction\":[{\"@type\":\"ReadAction\",\"target\":[\"https:\/\/ntigymnasiet.se\/malmo\/nyheter\/upprop-ak-1-2\/\"]}]},{\"@type\":\"BreadcrumbList\",\"@id\":\"https:\/\/ntigymnasiet.se\/malmo\/nyheter\/upprop-ak-1-2\/#breadcrumb\",\"itemListElement\":[{\"@type\":\"ListItem\",\"position\":1,\"name\":\"Start\",\"item\":\"https:\/\/ntigymnasiet.se\/malmo\"},{\"@type\":\"ListItem\",\"position\":2,\"name\":\"Nyheter\"}]},{\"@type\":\"WebSite\",\"@id\":\"https:\/\/ntigymnasiet.se\/malmo\/#website\",\"url\":\"https:\/\/ntigymnasiet.se\/malmo\/\",\"name\":\"Malm\u00f6\",\"description\":\"Just another WordPress site\",\"potentialAction\":[{\"@type\":\"SearchAction\",\"target\":{\"@type\":\"EntryPoint\",\"urlTemplate\":\"https:\/\/ntigymnasiet.se\/malmo\/?s={search_term_string}\"},\"query-input\":\"required name=search_term_string\"}],\"inLanguage\":\"sv-SE\"}]}<\/script>\n<!-- \/ Yoast SEO plugin. -->","yoast_head_json":{"title":"Malm\u00f6","description":"L\u00e4s om APL f\u00f6r \u00e5k 3 p\u00e5 El och energiprogrammet p\u00e5 NTI Gymnasiet Malm\u00f6 och hur elever f\u00e5r praktik hos f\u00f6retag i Sk\u00e5ne.","robots":{"index":"index","follow":"follow","max-snippet":"max-snippet:-1","max-image-preview":"max-image-preview:large","max-video-preview":"max-video-preview:-1"},"canonical":"https:\/\/ntigymnasiet.se\/malmo\/nyheter\/upprop-ak-1-2\/","og_locale":"sv_SE","og_type":"article","og_description":"L\u00e4s om APL f\u00f6r \u00e5k 3 p\u00e5 El och energiprogrammet p\u00e5 NTI Gymnasiet Malm\u00f6 och hur elever f\u00e5r praktik hos f\u00f6retag i Sk\u00e5ne.","og_url":"https:\/\/ntigymnasiet.se\/malmo\/nyheter\/upprop-ak-1-2\/","og_site_name":"Malm\u00f6","article_modified_time":"2026-02-13T11:56:20+00:00","twitter_card":"summary_large_image","twitter_description":"L\u00e4s om APL f\u00f6r \u00e5k 3 p\u00e5 El och energiprogrammet p\u00e5 NTI Gymnasiet Malm\u00f6 och hur elever f\u00e5r praktik hos f\u00f6retag i Sk\u00e5ne.","twitter_image":"https:\/\/ntigymnasiet.se\/wp-content\/uploads\/sites\/12\/2023\/05\/nti-el-energi-it-programmet-202204-700x630.png","twitter_misc":{"Est. reading time":"1 minut"},"schema":{"@context":"https:\/\/schema.org","@graph":[{"@type":"WebPage","@id":"https:\/\/ntigymnasiet.se\/malmo\/nyheter\/upprop-ak-1-2\/","url":"https:\/\/ntigymnasiet.se\/malmo\/nyheter\/upprop-ak-1-2\/","name":"APL f\u00f6r \u00e5rskurs 3 - Malm\u00f6","isPartOf":{"@id":"https:\/\/ntigymnasiet.se\/malmo\/#website"},"datePublished":"2025-10-10T08:11:11+00:00","dateModified":"2026-02-13T11:56:20+00:00","description":"L\u00e4s om APL f\u00f6r \u00e5k 3 p\u00e5 El och energiprogrammet p\u00e5 NTI Gymnasiet Malm\u00f6 och hur elever f\u00e5r praktik hos f\u00f6retag i Sk\u00e5ne.","breadcrumb":{"@id":"https:\/\/ntigymnasiet.se\/malmo\/nyheter\/upprop-ak-1-2\/#breadcrumb"},"inLanguage":"sv-SE","potentialAction":[{"@type":"ReadAction","target":["https:\/\/ntigymnasiet.se\/malmo\/nyheter\/upprop-ak-1-2\/"]}]},{"@type":"BreadcrumbList","@id":"https:\/\/ntigymnasiet.se\/malmo\/nyheter\/upprop-ak-1-2\/#breadcrumb","itemListElement":[{"@type":"ListItem","position":1,"name":"Start","item":"https:\/\/ntigymnasiet.se\/malmo"},{"@type":"ListItem","position":2,"name":"Nyheter"}]},{"@type":"WebSite","@id":"https:\/\/ntigymnasiet.se\/malmo\/#website","url":"https:\/\/ntigymnasiet.se\/malmo\/","name":"Malm\u00f6","description":"Just another WordPress site","potentialAction":[{"@type":"SearchAction","target":{"@type":"EntryPoint","urlTemplate":"https:\/\/ntigymnasiet.se\/malmo\/?s={search_term_string}"},"query-input":"required name=search_term_string"}],"inLanguage":"sv-SE"}]}},"_links":{"self":[{"href":"https:\/\/ntigymnasiet.se\/malmo\/wp-json\/wp\/v2\/article\/1585"}],"collection":[{"href":"https:\/\/ntigymnasiet.se\/malmo\/wp-json\/wp\/v2\/article"}],"about":[{"href":"https:\/\/ntigymnasiet.se\/malmo\/wp-json\/wp\/v2\/types\/article"}],"wp:attachment":[{"href":"https:\/\/ntigymnasiet.se\/malmo\/wp-json\/wp\/v2\/media?parent=1585"}],"wp:term":[{"taxonomy":"article_category","embeddable":true,"href":"https:\/\/ntigymnasiet.se\/malmo\/wp-json\/wp\/v2\/article_category?post=1585"}],"curies":[{"name":"wp","href":"https:\/\/api.w.org\/{rel}","templated":true}]}}