{"id":1777,"date":"2025-08-21T14:47:03","date_gmt":"2025-08-21T12:47:03","guid":{"rendered":"https:\/\/ntigymnasiet.se\/orebro\/?post_type=article&#038;p=1777"},"modified":"2025-08-21T14:47:04","modified_gmt":"2025-08-21T12:47:04","slug":"20-ars-jubileum","status":"publish","type":"article","link":"https:\/\/ntigymnasiet.se\/orebro\/artikel\/20-ars-jubileum\/","title":{"rendered":"20 \u00e5rs-jubileum"},"content":{"rendered":"\n<div class=\"wp-block-columns is-layout-flex wp-container-core-columns-layout-1 wp-block-columns-is-layout-flex\">\n<div class=\"wp-block-column is-layout-flow wp-block-column-is-layout-flow\" style=\"flex-basis:15%\"><\/div>\n\n\n\n<div class=\"wp-block-column is-layout-flow wp-block-column-is-layout-flow\" style=\"flex-basis:70%\">\n<h1 class=\"wp-block-heading\">NTI Gymnasiet \u00d6rebro fyller 20 \u00e5r<\/h1>\n\n\n\n<p   class=\"site__ingress container text-left  site__text-color--dark  site__free_text--ingress p-0\">\n\t20 \u00e5r av kunskap, gemenskap och framtidstro. I tv\u00e5 decennier har NTI Gymnasiet i \u00d6rebro utbildat elever inom teknik, n\u00e4tverk och mjukvaruutveckling \u2013 och bidragit till att forma framtidens arbetskraft. Under 2025 firar skolan hela 20 \u00e5r av l\u00e4rande och gemenskap.<\/p>\n\n\n\n\n\n<p>NTI Gymnasiet \u00d6rebro som ligger p\u00e5 Karlsgatan 30 i centrala \u00d6rebro firar 20 \u00e5r \u00e5r 2025. <\/p>\n\n\n\n<p>\u2013 Jag blir ofta extra stolt n\u00e4r jag m\u00f6ter f\u00f6re detta elever som i dag \u00e4r chefer eller anst\u00e4llda inom mjukvaruutveckling, n\u00e4tverk och webbdesign. Det bekr\u00e4ftar g\u00e5ng p\u00e5 g\u00e5ng att v\u00e5r skola bidragit till att skapa f\u00f6ruts\u00e4ttningar f\u00f6r framg\u00e5ng \u2013 b\u00e5de i arbetslivet och i vidare studier, s\u00e4ger rektorn.<\/p>\n\n\n\n<p>Under \u00e5ren har skolan utvecklat en stark kultur och en trygg struktur som burit generationer av elever vidare till h\u00f6gre studier, entrepren\u00f6rskap och anst\u00e4llningar inom en rad tekniska yrken. Samtidigt har verksamheten alltid str\u00e4vat efter att f\u00f6lja samh\u00e4llets utveckling och framtidens behov.<\/p>\n\n\n\n<p>\u2013 Vi \u00e4r oerh\u00f6rt stolta \u00f6ver att ha drivit skolan under s\u00e5 m\u00e5nga \u00e5r och \u00f6ver att ha varit en viktig akt\u00f6r som utbildat och format kompetenta elever, s\u00e4ger rektorn.<\/p>\n\n\n\n<p>Jubileet kommer sj\u00e4lvklart att uppm\u00e4rksammas under 2025 \u2013 d\u00e5 firar skolan tillsammans med b\u00e5de elever och personal.<\/p>\n<\/div>\n\n\n\n<div class=\"wp-block-column is-layout-flow wp-block-column-is-layout-flow\" style=\"flex-basis:15%\"><\/div>\n<\/div>\n\n\n\n<section \n\t\t class=\"\n\t\t ams-contact\n\t\t \n\t\t c-block l-stacked\n\t\t \n\t\t \n\t\t js-load-more\n\t\t \"\n\t\t data-color-scheme=\"usp-gra-bakgrund\"\n\t\t\t\t\tdata-count=\"3\"\n\t\t\t\t\t\t\tdata-count-mobile=\"2\"\n\t\t\t\t>\n\t<div\n\t\t class=\"\n\t\t l-container\n\t\t l-stack l-stack-fluid-2xl\n\t\t u-pt-fluid-3xl-6xl\n\t\t u-pb-fluid-3xl-6xl\n\t\t is-center\n\t\t is-center@md\n\t\t \">\n\t\t\t\t\t<div class=\"ams-contact__intro l-stack l-stack-lg\">\n\t\t\t\t\t\n\t<h2\n\tclass=\"c-heading u-font-title-1 \"\n\tstyle=\"\">\n\t\t\n\t\t\t\t\tKontakt\n\t\t\t\t\n\t<\/h2>\n\n\t\t\t\t\t\t\t<\/div>\n\t\t\n\t\t\n\t\t    \t\n\t\t\n\t\t<ul\n\t\t\tid=\"contact-grid-69f1f6571906c\"\n\t\t\tclass=\"ams-contact__list l-grid u-gap-fluid-2xl-4xl u-justify-center js-results \"\n\t\t\taria-label=\"Kontakter\"\n\t\t\tdata-filter-animation=\"off\"\n\t\t\t>\n\t\t\t\t\t\t\t\t\t\t\t\n\t\t\t\t\n\t\t\t\t<li class=\"l-col-12 \" data-filter=\"ledning\">\n\t\t\t\t\t<article class=\"c-card u-justify-center\" data-variant=\"inline\">\n\t\t\t\t\t\t<div class=\"c-card__content u-flex-basis-auto u-flex-grow-0 u-text-center@mobile\">\n\t\t\t\t\t\t\t\t\t\t\t\t\t\t\t<h3 class=\"c-card__title u-font-title-3\">\n\t\t\t\t\t\t\t\t\tAndreas Holm\n\t\t\t\t\t\t\t\t<\/h3>\n\t\t\t\t\t\t\t\n\t\t\t\t\t\t\t\t\t\t\t\t\t\t\t<p class=\"position u-font-body\">Rektor<\/p>\n\t\t\t\t\t\t\t\n\t\t\t\t\t\t\t\t\t\t\t\t\t\t\t<div class=\"contact-info u-font-body\">\n\t\t\t\t\t\t\t\t\t\t\t\t\t\t\t\t\t\t\t\t\t\t\t\t\t\t\t\t\t\t<p class=\"phone\"><a\n\t\t\t\t\t\t\t\t\t\t\t\t\thref=\"tel:019446469\"\n\t\t\t\t\t\t\t\t\t\t\t\t\tclass=\"u-text-link\">019-44 64 69<\/a>\n\t\t\t\t\t\t\t\t\t\t\t<\/p>\n\t\t\t\t\t\t\t\t\t\t\t\t\t\t\t\t\t\t\t\n\t\t\t\t\t\t\t\t\t\t\t\t\t\t\t\t\t\t\t\t\t\t\t\t\t\t\t\t\t\t<p class=\"email\"><a\n\t\t\t\t\t\t\t\t\t\t\t\t\thref=\"mail&#116;&#111;:a&#110;dre&#097;&#115;.&#104;&#111;lm&#064;&#110;t&#105;&#103;.&#115;e\"\n\t\t\t\t\t\t\t\t\t\t\t\t\tclass=\"u-text-link\">&#097;&#110;d&#114;e&#097;s&#046;&#104;&#111;lm&#064;nti&#103;.&#115;e<\/a>\n\t\t\t\t\t\t\t\t\t\t\t<\/p>\n\t\t\t\t\t\t\t\t\t\t\t\t\t\t\t\t\t\t\t\t\t\t\t\t\t\t\t<\/div>\n\t\t\t\t\t\t\t\n\t\t\t\t\t\t\t\t\t\t\t\t\t<\/div>\n\t\t\t\t\t\t<div class=\"c-card__media\">\n\t\t\t\t\t\t\t\t\t\t\t\t\t\t\t\t\t\t\t\t\t\t\t\t\t\t\t\t\t\t\t\t\t\t\t\t\t\t\t\t\t\t\t\t\t\t\t\t\t<img decoding=\"async\" width=\"400\" height=\"400\" src=\"https:\/\/ntigymnasiet.se\/wp-content\/uploads\/sites\/24\/2023\/05\/andreas-400x400.jpg\" class=\"u-radius-round u-ratio-landscape  \" alt=\"Andreas Holm.\" sizes=\"(max-width: 300px) 100vw, 300px\" srcset=\"https:\/\/ntigymnasiet.se\/wp-content\/uploads\/sites\/24\/2023\/05\/andreas-400x400.jpg 400w, https:\/\/ntigymnasiet.se\/wp-content\/uploads\/sites\/24\/2023\/05\/andreas-150x150.jpg 150w, https:\/\/ntigymnasiet.se\/wp-content\/uploads\/sites\/24\/2023\/05\/andreas-300x300.jpg 300w, https:\/\/ntigymnasiet.se\/wp-content\/uploads\/sites\/24\/2023\/05\/andreas.jpg 600w\" \/>\n\t\t\t\t\t\t<\/div>\n\t\t\t\t\t<\/article>\n\t\t\t\t<\/li>\n\t\t\t\t\t<\/ul>\n\n\t\t\n\t\t    <div class=\"ams-contact__more u-inline-items js-load-more-btn\">\n        <button href=\"#\"\n                class=\"c-btn\"\n                data-style=\"rounded\"\n                data-size=\"md\"\n                data-width=\"full-mobile\"\n                data-variant=\"outline\">\n        \tVisa mer\n        <\/button>\n    <\/div>\n\n\t\t\t<\/div>\n\n\t\t\n\n<\/section>\n","protected":false},"template":"","article_category":[6],"yoast_head":"<!-- This site is optimized with the Yoast SEO plugin v22.0 - https:\/\/yoast.com\/wordpress\/plugins\/seo\/ -->\n<title>20 \u00e5rs-jubileum - NTI Gymnasiet \u00d6rebro<\/title>\n<meta name=\"description\" content=\"2025 firar NTI Gymnasiet \u00d6rebro 20 \u00e5r.\" \/>\n<meta name=\"robots\" content=\"index, follow, max-snippet:-1, max-image-preview:large, max-video-preview:-1\" \/>\n<link rel=\"canonical\" href=\"https:\/\/ntigymnasiet.se\/orebro\/artikel\/20-ars-jubileum\/\" \/>\n<meta property=\"og:locale\" content=\"sv_SE\" \/>\n<meta property=\"og:type\" content=\"article\" \/>\n<meta property=\"og:title\" content=\"20 \u00e5rs-jubileum - NTI Gymnasiet \u00d6rebro\" \/>\n<meta property=\"og:description\" content=\"2025 firar NTI Gymnasiet \u00d6rebro 20 \u00e5r.\" \/>\n<meta property=\"og:url\" content=\"https:\/\/ntigymnasiet.se\/orebro\/artikel\/20-ars-jubileum\/\" \/>\n<meta property=\"og:site_name\" content=\"\u00d6rebro\" \/>\n<meta property=\"article:modified_time\" content=\"2025-08-21T12:47:04+00:00\" \/>\n<meta name=\"twitter:card\" content=\"summary_large_image\" \/>\n<meta name=\"twitter:title\" content=\"20 \u00e5rs-jubileum - NTI Gymnasiet \u00d6rebro\" \/>\n<meta name=\"twitter:description\" content=\"2025 firar NTI Gymnasiet \u00d6rebro 20 \u00e5r.\" \/>\n<meta name=\"twitter:label1\" content=\"Est. reading time\" \/>\n\t<meta name=\"twitter:data1\" content=\"2 minuter\" \/>\n<script type=\"application\/ld+json\" class=\"yoast-schema-graph\">{\"@context\":\"https:\/\/schema.org\",\"@graph\":[{\"@type\":\"WebPage\",\"@id\":\"https:\/\/ntigymnasiet.se\/orebro\/artikel\/20-ars-jubileum\/\",\"url\":\"https:\/\/ntigymnasiet.se\/orebro\/artikel\/20-ars-jubileum\/\",\"name\":\"20 \u00e5rs-jubileum - NTI Gymnasiet \u00d6rebro\",\"isPartOf\":{\"@id\":\"https:\/\/ntigymnasiet.se\/orebro\/#website\"},\"datePublished\":\"2025-08-21T12:47:03+00:00\",\"dateModified\":\"2025-08-21T12:47:04+00:00\",\"description\":\"2025 firar NTI Gymnasiet \u00d6rebro 20 \u00e5r.\",\"breadcrumb\":{\"@id\":\"https:\/\/ntigymnasiet.se\/orebro\/artikel\/20-ars-jubileum\/#breadcrumb\"},\"inLanguage\":\"sv-SE\",\"potentialAction\":[{\"@type\":\"ReadAction\",\"target\":[\"https:\/\/ntigymnasiet.se\/orebro\/artikel\/20-ars-jubileum\/\"]}]},{\"@type\":\"BreadcrumbList\",\"@id\":\"https:\/\/ntigymnasiet.se\/orebro\/artikel\/20-ars-jubileum\/#breadcrumb\",\"itemListElement\":[{\"@type\":\"ListItem\",\"position\":1,\"name\":\"Start\",\"item\":\"https:\/\/ntigymnasiet.se\/orebro\"},{\"@type\":\"ListItem\",\"position\":2,\"name\":\"Nyheter\"}]},{\"@type\":\"WebSite\",\"@id\":\"https:\/\/ntigymnasiet.se\/orebro\/#website\",\"url\":\"https:\/\/ntigymnasiet.se\/orebro\/\",\"name\":\"\u00d6rebro\",\"description\":\"Just another WordPress site\",\"potentialAction\":[{\"@type\":\"SearchAction\",\"target\":{\"@type\":\"EntryPoint\",\"urlTemplate\":\"https:\/\/ntigymnasiet.se\/orebro\/?s={search_term_string}\"},\"query-input\":\"required name=search_term_string\"}],\"inLanguage\":\"sv-SE\"}]}<\/script>\n<!-- \/ Yoast SEO plugin. -->","yoast_head_json":{"title":"20 \u00e5rs-jubileum - NTI Gymnasiet \u00d6rebro","description":"2025 firar NTI Gymnasiet \u00d6rebro 20 \u00e5r.","robots":{"index":"index","follow":"follow","max-snippet":"max-snippet:-1","max-image-preview":"max-image-preview:large","max-video-preview":"max-video-preview:-1"},"canonical":"https:\/\/ntigymnasiet.se\/orebro\/artikel\/20-ars-jubileum\/","og_locale":"sv_SE","og_type":"article","og_title":"20 \u00e5rs-jubileum - NTI Gymnasiet \u00d6rebro","og_description":"2025 firar NTI Gymnasiet \u00d6rebro 20 \u00e5r.","og_url":"https:\/\/ntigymnasiet.se\/orebro\/artikel\/20-ars-jubileum\/","og_site_name":"\u00d6rebro","article_modified_time":"2025-08-21T12:47:04+00:00","twitter_card":"summary_large_image","twitter_title":"20 \u00e5rs-jubileum - NTI Gymnasiet \u00d6rebro","twitter_description":"2025 firar NTI Gymnasiet \u00d6rebro 20 \u00e5r.","twitter_misc":{"Est. reading time":"2 minuter"},"schema":{"@context":"https:\/\/schema.org","@graph":[{"@type":"WebPage","@id":"https:\/\/ntigymnasiet.se\/orebro\/artikel\/20-ars-jubileum\/","url":"https:\/\/ntigymnasiet.se\/orebro\/artikel\/20-ars-jubileum\/","name":"20 \u00e5rs-jubileum - NTI Gymnasiet \u00d6rebro","isPartOf":{"@id":"https:\/\/ntigymnasiet.se\/orebro\/#website"},"datePublished":"2025-08-21T12:47:03+00:00","dateModified":"2025-08-21T12:47:04+00:00","description":"2025 firar NTI Gymnasiet \u00d6rebro 20 \u00e5r.","breadcrumb":{"@id":"https:\/\/ntigymnasiet.se\/orebro\/artikel\/20-ars-jubileum\/#breadcrumb"},"inLanguage":"sv-SE","potentialAction":[{"@type":"ReadAction","target":["https:\/\/ntigymnasiet.se\/orebro\/artikel\/20-ars-jubileum\/"]}]},{"@type":"BreadcrumbList","@id":"https:\/\/ntigymnasiet.se\/orebro\/artikel\/20-ars-jubileum\/#breadcrumb","itemListElement":[{"@type":"ListItem","position":1,"name":"Start","item":"https:\/\/ntigymnasiet.se\/orebro"},{"@type":"ListItem","position":2,"name":"Nyheter"}]},{"@type":"WebSite","@id":"https:\/\/ntigymnasiet.se\/orebro\/#website","url":"https:\/\/ntigymnasiet.se\/orebro\/","name":"\u00d6rebro","description":"Just another WordPress site","potentialAction":[{"@type":"SearchAction","target":{"@type":"EntryPoint","urlTemplate":"https:\/\/ntigymnasiet.se\/orebro\/?s={search_term_string}"},"query-input":"required name=search_term_string"}],"inLanguage":"sv-SE"}]}},"_links":{"self":[{"href":"https:\/\/ntigymnasiet.se\/orebro\/wp-json\/wp\/v2\/article\/1777"}],"collection":[{"href":"https:\/\/ntigymnasiet.se\/orebro\/wp-json\/wp\/v2\/article"}],"about":[{"href":"https:\/\/ntigymnasiet.se\/orebro\/wp-json\/wp\/v2\/types\/article"}],"wp:attachment":[{"href":"https:\/\/ntigymnasiet.se\/orebro\/wp-json\/wp\/v2\/media?parent=1777"}],"wp:term":[{"taxonomy":"article_category","embeddable":true,"href":"https:\/\/ntigymnasiet.se\/orebro\/wp-json\/wp\/v2\/article_category?post=1777"}],"curies":[{"name":"wp","href":"https:\/\/api.w.org\/{rel}","templated":true}]}}