{"id":1655,"date":"2025-05-02T09:54:32","date_gmt":"2025-05-02T07:54:32","guid":{"rendered":"https:\/\/ntigymnasiet.se\/umea\/?post_type=article&#038;p=1655"},"modified":"2026-02-12T16:20:46","modified_gmt":"2026-02-12T15:20:46","slug":"student","status":"publish","type":"article","link":"https:\/\/ntigymnasiet.se\/umea\/nyheter\/student\/","title":{"rendered":"Student"},"content":{"rendered":"\n<div class=\"wp-block-columns is-layout-flex wp-container-core-columns-layout-1 wp-block-columns-is-layout-flex\">\n<div class=\"wp-block-column is-layout-flow wp-block-column-is-layout-flow\" style=\"flex-basis:15%\"><\/div>\n\n\n\n<div class=\"wp-block-column is-layout-flow wp-block-column-is-layout-flow\" style=\"flex-basis:70%\">\t<div\n\t\t class=\"module_wrapper container-fluid images-module\" >\n\t\t<div class=\"row\">\n\t\t\t<div\n\t\t\t\t\tclass=\"col-12 m-0 p-0 position-relative images_module__slideshow images_module__slideshow-container module-expand \">\n\n\t\t\t\t<div class=\"images_module__slide \" data-slide=\"\"\n\t\t\t\t\t data-duration=\"\"><\/div>\n\t\t\t\t\t\t\t\t\t<div\n\t\t\t\t\t\t class=\"images_module__slides \">\n\n\n\t\t\t\t\t\t<div class=\"images__wrapper\"\n\t\t\t\t\t\t\t style=\"aspect-ratio: 851 \/ 531;\">\n\t\t\t\t\t\t\t<img decoding=\"async\" width=\"2560\" height=\"1322\" src=\"https:\/\/ntigymnasiet.se\/wp-content\/uploads\/sites\/21\/2025\/05\/student-scaled.jpg\" class=\"images__image_ratio  \" alt=\"Elever som firar studenten.\" style=\"aspect-ratio: 851 \/ 531;object-position: center center;\" srcset=\"https:\/\/ntigymnasiet.se\/wp-content\/uploads\/sites\/21\/2025\/05\/student-scaled.jpg 2560w, https:\/\/ntigymnasiet.se\/wp-content\/uploads\/sites\/21\/2025\/05\/student-300x155.jpg 300w, https:\/\/ntigymnasiet.se\/wp-content\/uploads\/sites\/21\/2025\/05\/student-400x207.jpg 400w, https:\/\/ntigymnasiet.se\/wp-content\/uploads\/sites\/21\/2025\/05\/student-600x310.jpg 600w, https:\/\/ntigymnasiet.se\/wp-content\/uploads\/sites\/21\/2025\/05\/student-800x413.jpg 800w, https:\/\/ntigymnasiet.se\/wp-content\/uploads\/sites\/21\/2025\/05\/student-1024x529.jpg 1024w, https:\/\/ntigymnasiet.se\/wp-content\/uploads\/sites\/21\/2025\/05\/student-1200x620.jpg 1200w\" sizes=\"(max-width: 2560px) 100vw, 2560px\" \/>\t\t\t\t\t\t<\/div>\n\n\t\t\t\t\t\t\n\t\t\t\t\t\t\t\t\t\t\t<\/div>\n\t\t\t\t\n\t\t\t\t<div class=\"images_module__container_dot \">\n\t\t\t\t\t<div style=\"text-align:center\">\n\t\t\t\t\t\t\t\t\t\t\t\t\t<span   data-i=\"0\"\n\t\t\t\t\t\t\t\t  class=\"images_module__dot\n\t\t\t\t\t\t\t\t\t\t\t\t\t  \"><\/span>\n\t\t\t\t\t\t\t\t\t\t\t<\/div>\n\t\t\t\t<\/div>\n\n\t\t\t<\/div>\n\t\t<\/div>\n\t<\/div>\n\n\n\t\n\n\n<script>\n\tvar images_display_descriptive_text = \"\";\n<\/script>\n\n\n\n<div style=\"height:35px\" aria-hidden=\"true\" class=\"wp-block-spacer\"><\/div>\n\n\n\n<h1 class=\"wp-block-heading\">Student 2025<\/h1>\n\n\n\n<p   class=\"site__ingress container text-left  site__text-color--dark  site__free_text--ingress p-0\">\n\tDagen ni v\u00e4ntar p\u00e5 b\u00f6rjar n\u00e4rma sig med stormsteg: studenten den 12 juni! H\u00e4r kommer lite info om dagen.<\/p>\n\n\n\n\n\n<p><strong>Datum<\/strong>: 12 juni<br><strong>Samling<\/strong>: 8:30 i R\u00e5dhusparken f\u00f6r fotografering, d\u00e4refter Studentfrukost p\u00e5 REX<br><strong>Utspring<\/strong>: 11:00 fr\u00e5n REX mot R\u00e5dhustorget<\/p>\n<\/div>\n\n\n\n<div class=\"wp-block-column is-layout-flow wp-block-column-is-layout-flow\" style=\"flex-basis:15%\"><\/div>\n<\/div>\n","protected":false},"template":"","article_category":[],"yoast_head":"<!-- This site is optimized with the Yoast SEO plugin v22.0 - https:\/\/yoast.com\/wordpress\/plugins\/seo\/ -->\n<title>Ume\u00e5<\/title>\n<meta name=\"description\" content=\"Dagen alla elever v\u00e4ntar p\u00e5 b\u00f6rjar n\u00e4rma sig med stormsteg: studenten den 12 juni 2025! H\u00e4r kan du l\u00e4sa lite information om dagen.\" \/>\n<meta name=\"robots\" content=\"index, follow, max-snippet:-1, max-image-preview:large, max-video-preview:-1\" \/>\n<link rel=\"canonical\" href=\"https:\/\/ntigymnasiet.se\/umea\/nyheter\/student\/\" \/>\n<meta property=\"og:locale\" content=\"sv_SE\" \/>\n<meta property=\"og:type\" content=\"article\" \/>\n<meta property=\"og:description\" content=\"Dagen alla elever v\u00e4ntar p\u00e5 b\u00f6rjar n\u00e4rma sig med stormsteg: studenten den 12 juni 2025! H\u00e4r kan du l\u00e4sa lite information om dagen.\" \/>\n<meta property=\"og:url\" content=\"https:\/\/ntigymnasiet.se\/umea\/nyheter\/student\/\" \/>\n<meta property=\"og:site_name\" content=\"Ume\u00e5\" \/>\n<meta property=\"article:modified_time\" content=\"2026-02-12T15:20:46+00:00\" \/>\n<meta name=\"twitter:card\" content=\"summary_large_image\" \/>\n<meta name=\"twitter:description\" content=\"Dagen alla elever v\u00e4ntar p\u00e5 b\u00f6rjar n\u00e4rma sig med stormsteg: studenten den 12 juni 2025! H\u00e4r kan du l\u00e4sa lite information om dagen.\" \/>\n<meta name=\"twitter:image\" content=\"https:\/\/ntigymnasiet.se\/wp-content\/uploads\/sites\/21\/2025\/05\/student-1200x630.jpg\" \/>\n<meta name=\"twitter:label1\" content=\"Est. reading time\" \/>\n\t<meta name=\"twitter:data1\" content=\"1 minut\" \/>\n<script type=\"application\/ld+json\" class=\"yoast-schema-graph\">{\"@context\":\"https:\/\/schema.org\",\"@graph\":[{\"@type\":\"WebPage\",\"@id\":\"https:\/\/ntigymnasiet.se\/umea\/nyheter\/student\/\",\"url\":\"https:\/\/ntigymnasiet.se\/umea\/nyheter\/student\/\",\"name\":\"Student - Ume\u00e5\",\"isPartOf\":{\"@id\":\"https:\/\/ntigymnasiet.se\/umea\/#website\"},\"datePublished\":\"2025-05-02T07:54:32+00:00\",\"dateModified\":\"2026-02-12T15:20:46+00:00\",\"description\":\"Dagen alla elever v\u00e4ntar p\u00e5 b\u00f6rjar n\u00e4rma sig med stormsteg: studenten den 12 juni 2025! H\u00e4r kan du l\u00e4sa lite information om dagen.\",\"breadcrumb\":{\"@id\":\"https:\/\/ntigymnasiet.se\/umea\/nyheter\/student\/#breadcrumb\"},\"inLanguage\":\"sv-SE\",\"potentialAction\":[{\"@type\":\"ReadAction\",\"target\":[\"https:\/\/ntigymnasiet.se\/umea\/nyheter\/student\/\"]}]},{\"@type\":\"BreadcrumbList\",\"@id\":\"https:\/\/ntigymnasiet.se\/umea\/nyheter\/student\/#breadcrumb\",\"itemListElement\":[{\"@type\":\"ListItem\",\"position\":1,\"name\":\"Start\",\"item\":\"https:\/\/ntigymnasiet.se\/umea\"},{\"@type\":\"ListItem\",\"position\":2,\"name\":\"Nyheter\"}]},{\"@type\":\"WebSite\",\"@id\":\"https:\/\/ntigymnasiet.se\/umea\/#website\",\"url\":\"https:\/\/ntigymnasiet.se\/umea\/\",\"name\":\"Ume\u00e5\",\"description\":\"Just another WordPress site\",\"potentialAction\":[{\"@type\":\"SearchAction\",\"target\":{\"@type\":\"EntryPoint\",\"urlTemplate\":\"https:\/\/ntigymnasiet.se\/umea\/?s={search_term_string}\"},\"query-input\":\"required name=search_term_string\"}],\"inLanguage\":\"sv-SE\"}]}<\/script>\n<!-- \/ Yoast SEO plugin. -->","yoast_head_json":{"title":"Ume\u00e5","description":"Dagen alla elever v\u00e4ntar p\u00e5 b\u00f6rjar n\u00e4rma sig med stormsteg: studenten den 12 juni 2025! H\u00e4r kan du l\u00e4sa lite information om dagen.","robots":{"index":"index","follow":"follow","max-snippet":"max-snippet:-1","max-image-preview":"max-image-preview:large","max-video-preview":"max-video-preview:-1"},"canonical":"https:\/\/ntigymnasiet.se\/umea\/nyheter\/student\/","og_locale":"sv_SE","og_type":"article","og_description":"Dagen alla elever v\u00e4ntar p\u00e5 b\u00f6rjar n\u00e4rma sig med stormsteg: studenten den 12 juni 2025! H\u00e4r kan du l\u00e4sa lite information om dagen.","og_url":"https:\/\/ntigymnasiet.se\/umea\/nyheter\/student\/","og_site_name":"Ume\u00e5","article_modified_time":"2026-02-12T15:20:46+00:00","twitter_card":"summary_large_image","twitter_description":"Dagen alla elever v\u00e4ntar p\u00e5 b\u00f6rjar n\u00e4rma sig med stormsteg: studenten den 12 juni 2025! H\u00e4r kan du l\u00e4sa lite information om dagen.","twitter_image":"https:\/\/ntigymnasiet.se\/wp-content\/uploads\/sites\/21\/2025\/05\/student-1200x630.jpg","twitter_misc":{"Est. reading time":"1 minut"},"schema":{"@context":"https:\/\/schema.org","@graph":[{"@type":"WebPage","@id":"https:\/\/ntigymnasiet.se\/umea\/nyheter\/student\/","url":"https:\/\/ntigymnasiet.se\/umea\/nyheter\/student\/","name":"Student - Ume\u00e5","isPartOf":{"@id":"https:\/\/ntigymnasiet.se\/umea\/#website"},"datePublished":"2025-05-02T07:54:32+00:00","dateModified":"2026-02-12T15:20:46+00:00","description":"Dagen alla elever v\u00e4ntar p\u00e5 b\u00f6rjar n\u00e4rma sig med stormsteg: studenten den 12 juni 2025! H\u00e4r kan du l\u00e4sa lite information om dagen.","breadcrumb":{"@id":"https:\/\/ntigymnasiet.se\/umea\/nyheter\/student\/#breadcrumb"},"inLanguage":"sv-SE","potentialAction":[{"@type":"ReadAction","target":["https:\/\/ntigymnasiet.se\/umea\/nyheter\/student\/"]}]},{"@type":"BreadcrumbList","@id":"https:\/\/ntigymnasiet.se\/umea\/nyheter\/student\/#breadcrumb","itemListElement":[{"@type":"ListItem","position":1,"name":"Start","item":"https:\/\/ntigymnasiet.se\/umea"},{"@type":"ListItem","position":2,"name":"Nyheter"}]},{"@type":"WebSite","@id":"https:\/\/ntigymnasiet.se\/umea\/#website","url":"https:\/\/ntigymnasiet.se\/umea\/","name":"Ume\u00e5","description":"Just another WordPress site","potentialAction":[{"@type":"SearchAction","target":{"@type":"EntryPoint","urlTemplate":"https:\/\/ntigymnasiet.se\/umea\/?s={search_term_string}"},"query-input":"required name=search_term_string"}],"inLanguage":"sv-SE"}]}},"_links":{"self":[{"href":"https:\/\/ntigymnasiet.se\/umea\/wp-json\/wp\/v2\/article\/1655"}],"collection":[{"href":"https:\/\/ntigymnasiet.se\/umea\/wp-json\/wp\/v2\/article"}],"about":[{"href":"https:\/\/ntigymnasiet.se\/umea\/wp-json\/wp\/v2\/types\/article"}],"wp:attachment":[{"href":"https:\/\/ntigymnasiet.se\/umea\/wp-json\/wp\/v2\/media?parent=1655"}],"wp:term":[{"taxonomy":"article_category","embeddable":true,"href":"https:\/\/ntigymnasiet.se\/umea\/wp-json\/wp\/v2\/article_category?post=1655"}],"curies":[{"name":"wp","href":"https:\/\/api.w.org\/{rel}","templated":true}]}}