{"id":2279,"date":"2026-04-30T10:33:11","date_gmt":"2026-04-30T08:33:11","guid":{"rendered":"https:\/\/ntigymnasiet.se\/vasteras\/?post_type=article&#038;p=2279"},"modified":"2026-04-30T10:36:29","modified_gmt":"2026-04-30T08:36:29","slug":"student-2026","status":"publish","type":"article","link":"https:\/\/ntigymnasiet.se\/vasteras\/nyheter\/student-2026\/","title":{"rendered":"Student 2026"},"content":{"rendered":"\n<div class=\"wp-block-columns is-layout-flex wp-container-core-columns-layout-1 wp-block-columns-is-layout-flex\">\n<div class=\"wp-block-column is-layout-flow wp-block-column-is-layout-flow\" style=\"flex-basis:15%\"><\/div>\n\n\n\n<div class=\"wp-block-column is-layout-flow wp-block-column-is-layout-flow\" style=\"flex-basis:70%\">\t<div\n\t\t class=\"module_wrapper container-fluid images-module\" >\n\t\t<div class=\"row\">\n\t\t\t<div\n\t\t\t\t\tclass=\"col-12 m-0 p-0 position-relative images_module__slideshow images_module__slideshow-container module-expand \">\n\n\t\t\t\t<div class=\"images_module__slide \" data-slide=\"\"\n\t\t\t\t\t data-duration=\"\"><\/div>\n\t\t\t\t\t\t\t\t\t<div\n\t\t\t\t\t\t class=\"images_module__slides \">\n\n\n\t\t\t\t\t\t<div class=\"images__wrapper\"\n\t\t\t\t\t\t\t style=\"aspect-ratio: 851 \/ 531;\">\n\t\t\t\t\t\t\t<img decoding=\"async\" width=\"2560\" height=\"1322\" src=\"https:\/\/ntigymnasiet.se\/wp-content\/uploads\/sites\/23\/2025\/05\/student-scaled.jpg\" class=\"images__image_ratio  \" alt=\"Elever som firar studenten.\" style=\"aspect-ratio: 851 \/ 531;object-position: center center;\" srcset=\"https:\/\/ntigymnasiet.se\/wp-content\/uploads\/sites\/23\/2025\/05\/student-scaled.jpg 2560w, https:\/\/ntigymnasiet.se\/wp-content\/uploads\/sites\/23\/2025\/05\/student-300x155.jpg 300w, https:\/\/ntigymnasiet.se\/wp-content\/uploads\/sites\/23\/2025\/05\/student-400x207.jpg 400w, https:\/\/ntigymnasiet.se\/wp-content\/uploads\/sites\/23\/2025\/05\/student-600x310.jpg 600w, https:\/\/ntigymnasiet.se\/wp-content\/uploads\/sites\/23\/2025\/05\/student-800x413.jpg 800w, https:\/\/ntigymnasiet.se\/wp-content\/uploads\/sites\/23\/2025\/05\/student-1024x529.jpg 1024w, https:\/\/ntigymnasiet.se\/wp-content\/uploads\/sites\/23\/2025\/05\/student-1200x620.jpg 1200w\" sizes=\"(max-width: 2560px) 100vw, 2560px\" \/>\t\t\t\t\t\t<\/div>\n\n\t\t\t\t\t\t\n\t\t\t\t\t\t\t\t\t\t\t<\/div>\n\t\t\t\t\n\t\t\t\t<div class=\"images_module__container_dot \">\n\t\t\t\t\t<div style=\"text-align:center\">\n\t\t\t\t\t\t\t\t\t\t\t\t\t<span   data-i=\"0\"\n\t\t\t\t\t\t\t\t  class=\"images_module__dot\n\t\t\t\t\t\t\t\t\t\t\t\t\t  \"><\/span>\n\t\t\t\t\t\t\t\t\t\t\t<\/div>\n\t\t\t\t<\/div>\n\n\t\t\t<\/div>\n\t\t<\/div>\n\t<\/div>\n\n\n\t\n\n\n<script>\n\tvar images_display_descriptive_text = \"\";\n<\/script>\n\n\n\n<div style=\"height:35px\" aria-hidden=\"true\" class=\"wp-block-spacer\"><\/div>\n\n\n\n<h1 class=\"wp-block-heading\">Student 2026<\/h1>\n\n\n\n<p   class=\"site__ingress container text-left  site__text-color--dark  site__free_text--ingress p-0\">\n\tDagen ni v\u00e4ntar p\u00e5 b\u00f6rjar n\u00e4rma sig med stormsteg: studenten den 10 juni! H\u00e4r kommer lite info om dagen.<\/p>\n\n\n\n\n\n<h2 class=\"wp-block-heading\"><strong>Information om studenten<\/strong><\/h2>\n\n\n\n<p>Studenten 2026 kommer att g\u00e5 av stapeln den 10 juni p\u00e5 Hahrska Palazet.<\/p>\n\n\n\n<p>Ceremonin f\u00f6r eleverna b\u00f6rjar kl. 9.00. Eleverna springer ut fr\u00e5n och med ca 11.00 och d\u00e5 \u00e4r alla anh\u00f6riga v\u00e4lkomna.<\/p>\n\n\n\n<h2 class=\"wp-block-heading\"><strong>En trevlig och festlig dag f\u00f6r alla<\/strong><\/h2>\n\n\n\n<p>F\u00f6r att vi tillsammans ska kunna skapa en s\u00e5 trygg och trivsam milj\u00f6 som m\u00f6jligt, \u00e4r det inte till\u00e5tet att skjuta n\u00e5gon form av konfetti eller spruta ner varandra med champagne eller annan dryck under utspringet. Vi ber er \u00f6dmjukast att respektera detta d\u00e5 det \u00e4r skolans ansvar att inte skr\u00e4pa ner p\u00e5 allm\u00e4n plats.<\/p>\n\n\n\n<p>Vi ser fram emot en fantastisk dag!<\/p>\n<\/div>\n\n\n\n<div class=\"wp-block-column is-layout-flow wp-block-column-is-layout-flow\" style=\"flex-basis:15%\"><\/div>\n<\/div>\n","protected":false},"template":"","article_category":[6],"yoast_head":"<!-- This site is optimized with the Yoast SEO plugin v22.0 - https:\/\/yoast.com\/wordpress\/plugins\/seo\/ -->\n<title>Student 2026 - NTI Gymnasiet V\u00e4ster\u00e5s<\/title>\n<meta name=\"description\" content=\"Dagen ni v\u00e4ntar p\u00e5 b\u00f6rjar n\u00e4rma sig med stormsteg: studenten den 10 juni p\u00e5 NTI Gymnasiet V\u00e4ster\u00e5s! L\u00e4s h\u00e4r f\u00f6r mer information om dagen.\" \/>\n<meta name=\"robots\" content=\"index, follow, max-snippet:-1, max-image-preview:large, max-video-preview:-1\" \/>\n<link rel=\"canonical\" href=\"https:\/\/ntigymnasiet.se\/vasteras\/nyheter\/student-2026\/\" \/>\n<meta property=\"og:locale\" content=\"sv_SE\" \/>\n<meta property=\"og:type\" content=\"article\" \/>\n<meta property=\"og:title\" content=\"Student 2026 - NTI Gymnasiet V\u00e4ster\u00e5s\" \/>\n<meta property=\"og:description\" content=\"Dagen ni v\u00e4ntar p\u00e5 b\u00f6rjar n\u00e4rma sig med stormsteg: studenten den 10 juni p\u00e5 NTI Gymnasiet V\u00e4ster\u00e5s! L\u00e4s h\u00e4r f\u00f6r mer information om dagen.\" \/>\n<meta property=\"og:url\" content=\"https:\/\/ntigymnasiet.se\/vasteras\/nyheter\/student-2026\/\" \/>\n<meta property=\"og:site_name\" content=\"V\u00e4ster\u00e5s\" \/>\n<meta property=\"article:modified_time\" content=\"2026-04-30T08:36:29+00:00\" \/>\n<meta name=\"twitter:card\" content=\"summary_large_image\" \/>\n<meta name=\"twitter:title\" content=\"Student 2026 - NTI Gymnasiet V\u00e4ster\u00e5s\" \/>\n<meta name=\"twitter:description\" content=\"Dagen ni v\u00e4ntar p\u00e5 b\u00f6rjar n\u00e4rma sig med stormsteg: studenten den 10 juni p\u00e5 NTI Gymnasiet V\u00e4ster\u00e5s! L\u00e4s h\u00e4r f\u00f6r mer information om dagen.\" \/>\n<meta name=\"twitter:image\" content=\"https:\/\/ntigymnasiet.se\/wp-content\/uploads\/sites\/23\/2025\/05\/student-1200x630.jpg\" \/>\n<meta name=\"twitter:label1\" content=\"Est. reading time\" \/>\n\t<meta name=\"twitter:data1\" content=\"2 minuter\" \/>\n<script type=\"application\/ld+json\" class=\"yoast-schema-graph\">{\"@context\":\"https:\/\/schema.org\",\"@graph\":[{\"@type\":\"WebPage\",\"@id\":\"https:\/\/ntigymnasiet.se\/vasteras\/nyheter\/student-2026\/\",\"url\":\"https:\/\/ntigymnasiet.se\/vasteras\/nyheter\/student-2026\/\",\"name\":\"Student 2026 - NTI Gymnasiet V\u00e4ster\u00e5s\",\"isPartOf\":{\"@id\":\"https:\/\/ntigymnasiet.se\/vasteras\/#website\"},\"datePublished\":\"2026-04-30T08:33:11+00:00\",\"dateModified\":\"2026-04-30T08:36:29+00:00\",\"description\":\"Dagen ni v\u00e4ntar p\u00e5 b\u00f6rjar n\u00e4rma sig med stormsteg: studenten den 10 juni p\u00e5 NTI Gymnasiet V\u00e4ster\u00e5s! L\u00e4s h\u00e4r f\u00f6r mer information om dagen.\",\"breadcrumb\":{\"@id\":\"https:\/\/ntigymnasiet.se\/vasteras\/nyheter\/student-2026\/#breadcrumb\"},\"inLanguage\":\"sv-SE\",\"potentialAction\":[{\"@type\":\"ReadAction\",\"target\":[\"https:\/\/ntigymnasiet.se\/vasteras\/nyheter\/student-2026\/\"]}]},{\"@type\":\"BreadcrumbList\",\"@id\":\"https:\/\/ntigymnasiet.se\/vasteras\/nyheter\/student-2026\/#breadcrumb\",\"itemListElement\":[{\"@type\":\"ListItem\",\"position\":1,\"name\":\"Start\",\"item\":\"https:\/\/ntigymnasiet.se\/vasteras\"},{\"@type\":\"ListItem\",\"position\":2,\"name\":\"Nyheter\"}]},{\"@type\":\"WebSite\",\"@id\":\"https:\/\/ntigymnasiet.se\/vasteras\/#website\",\"url\":\"https:\/\/ntigymnasiet.se\/vasteras\/\",\"name\":\"V\u00e4ster\u00e5s\",\"description\":\"Just another WordPress site\",\"potentialAction\":[{\"@type\":\"SearchAction\",\"target\":{\"@type\":\"EntryPoint\",\"urlTemplate\":\"https:\/\/ntigymnasiet.se\/vasteras\/?s={search_term_string}\"},\"query-input\":\"required name=search_term_string\"}],\"inLanguage\":\"sv-SE\"}]}<\/script>\n<!-- \/ Yoast SEO plugin. -->","yoast_head_json":{"title":"Student 2026 - NTI Gymnasiet V\u00e4ster\u00e5s","description":"Dagen ni v\u00e4ntar p\u00e5 b\u00f6rjar n\u00e4rma sig med stormsteg: studenten den 10 juni p\u00e5 NTI Gymnasiet V\u00e4ster\u00e5s! L\u00e4s h\u00e4r f\u00f6r mer information om dagen.","robots":{"index":"index","follow":"follow","max-snippet":"max-snippet:-1","max-image-preview":"max-image-preview:large","max-video-preview":"max-video-preview:-1"},"canonical":"https:\/\/ntigymnasiet.se\/vasteras\/nyheter\/student-2026\/","og_locale":"sv_SE","og_type":"article","og_title":"Student 2026 - NTI Gymnasiet V\u00e4ster\u00e5s","og_description":"Dagen ni v\u00e4ntar p\u00e5 b\u00f6rjar n\u00e4rma sig med stormsteg: studenten den 10 juni p\u00e5 NTI Gymnasiet V\u00e4ster\u00e5s! L\u00e4s h\u00e4r f\u00f6r mer information om dagen.","og_url":"https:\/\/ntigymnasiet.se\/vasteras\/nyheter\/student-2026\/","og_site_name":"V\u00e4ster\u00e5s","article_modified_time":"2026-04-30T08:36:29+00:00","twitter_card":"summary_large_image","twitter_title":"Student 2026 - NTI Gymnasiet V\u00e4ster\u00e5s","twitter_description":"Dagen ni v\u00e4ntar p\u00e5 b\u00f6rjar n\u00e4rma sig med stormsteg: studenten den 10 juni p\u00e5 NTI Gymnasiet V\u00e4ster\u00e5s! L\u00e4s h\u00e4r f\u00f6r mer information om dagen.","twitter_image":"https:\/\/ntigymnasiet.se\/wp-content\/uploads\/sites\/23\/2025\/05\/student-1200x630.jpg","twitter_misc":{"Est. reading time":"2 minuter"},"schema":{"@context":"https:\/\/schema.org","@graph":[{"@type":"WebPage","@id":"https:\/\/ntigymnasiet.se\/vasteras\/nyheter\/student-2026\/","url":"https:\/\/ntigymnasiet.se\/vasteras\/nyheter\/student-2026\/","name":"Student 2026 - NTI Gymnasiet V\u00e4ster\u00e5s","isPartOf":{"@id":"https:\/\/ntigymnasiet.se\/vasteras\/#website"},"datePublished":"2026-04-30T08:33:11+00:00","dateModified":"2026-04-30T08:36:29+00:00","description":"Dagen ni v\u00e4ntar p\u00e5 b\u00f6rjar n\u00e4rma sig med stormsteg: studenten den 10 juni p\u00e5 NTI Gymnasiet V\u00e4ster\u00e5s! L\u00e4s h\u00e4r f\u00f6r mer information om dagen.","breadcrumb":{"@id":"https:\/\/ntigymnasiet.se\/vasteras\/nyheter\/student-2026\/#breadcrumb"},"inLanguage":"sv-SE","potentialAction":[{"@type":"ReadAction","target":["https:\/\/ntigymnasiet.se\/vasteras\/nyheter\/student-2026\/"]}]},{"@type":"BreadcrumbList","@id":"https:\/\/ntigymnasiet.se\/vasteras\/nyheter\/student-2026\/#breadcrumb","itemListElement":[{"@type":"ListItem","position":1,"name":"Start","item":"https:\/\/ntigymnasiet.se\/vasteras"},{"@type":"ListItem","position":2,"name":"Nyheter"}]},{"@type":"WebSite","@id":"https:\/\/ntigymnasiet.se\/vasteras\/#website","url":"https:\/\/ntigymnasiet.se\/vasteras\/","name":"V\u00e4ster\u00e5s","description":"Just another WordPress site","potentialAction":[{"@type":"SearchAction","target":{"@type":"EntryPoint","urlTemplate":"https:\/\/ntigymnasiet.se\/vasteras\/?s={search_term_string}"},"query-input":"required name=search_term_string"}],"inLanguage":"sv-SE"}]}},"_links":{"self":[{"href":"https:\/\/ntigymnasiet.se\/vasteras\/wp-json\/wp\/v2\/article\/2279"}],"collection":[{"href":"https:\/\/ntigymnasiet.se\/vasteras\/wp-json\/wp\/v2\/article"}],"about":[{"href":"https:\/\/ntigymnasiet.se\/vasteras\/wp-json\/wp\/v2\/types\/article"}],"wp:attachment":[{"href":"https:\/\/ntigymnasiet.se\/vasteras\/wp-json\/wp\/v2\/media?parent=2279"}],"wp:term":[{"taxonomy":"article_category","embeddable":true,"href":"https:\/\/ntigymnasiet.se\/vasteras\/wp-json\/wp\/v2\/article_category?post=2279"}],"curies":[{"name":"wp","href":"https:\/\/api.w.org\/{rel}","templated":true}]}}