{"id":3393,"date":"2026-04-27T11:17:36","date_gmt":"2026-04-27T09:17:36","guid":{"rendered":"https:\/\/ntigymnasiet.se\/vetenskapsgymnasiet\/?post_type=article&#038;p=3393"},"modified":"2026-04-27T11:17:37","modified_gmt":"2026-04-27T09:17:37","slug":"green-tech-challenge-vinnarna-2026","status":"publish","type":"article","link":"https:\/\/ntigymnasiet.se\/vetenskapsgymnasiet\/nyheter\/green-tech-challenge-vinnarna-2026\/","title":{"rendered":"Green Tech Challenge vinnarna 2026"},"content":{"rendered":"\n<div class=\"wp-block-columns is-layout-flex wp-container-core-columns-layout-1 wp-block-columns-is-layout-flex\">\n<div class=\"wp-block-column is-layout-flow wp-block-column-is-layout-flow\" style=\"flex-basis:15%\"><\/div>\n\n\n\n<div class=\"wp-block-column is-layout-flow wp-block-column-is-layout-flow\" style=\"flex-basis:70%\">\t<div\n\t\t class=\"module_wrapper container-fluid images-module\" >\n\t\t<div class=\"row\">\n\t\t\t<div\n\t\t\t\t\tclass=\"col-12 m-0 p-0 position-relative images_module__slideshow images_module__slideshow-container module-expand \">\n\n\t\t\t\t<div class=\"images_module__slide \" data-slide=\"\"\n\t\t\t\t\t data-duration=\"\"><\/div>\n\t\t\t\t\t\t\t\t\t<div\n\t\t\t\t\t\t class=\"images_module__slides \">\n\n\n\t\t\t\t\t\t<div class=\"images__wrapper\"\n\t\t\t\t\t\t\t style=\"aspect-ratio: 851 \/ 531;\">\n\t\t\t\t\t\t\t<img decoding=\"async\" width=\"1920\" height=\"1080\" src=\"https:\/\/ntigymnasiet.se\/wp-content\/uploads\/2026\/04\/ntinyhetwebb1920x1080gtcvinnarna2026gron.jpg\" class=\"images__image_ratio  \" alt=\"Green Tech Challenge vinnarna 2026.\" style=\"aspect-ratio: 851 \/ 531;object-position: center center;\" srcset=\"https:\/\/ntigymnasiet.se\/wp-content\/uploads\/2026\/04\/ntinyhetwebb1920x1080gtcvinnarna2026gron.jpg 1920w, https:\/\/ntigymnasiet.se\/wp-content\/uploads\/2026\/04\/ntinyhetwebb1920x1080gtcvinnarna2026gron-300x169.jpg 300w, https:\/\/ntigymnasiet.se\/wp-content\/uploads\/2026\/04\/ntinyhetwebb1920x1080gtcvinnarna2026gron-400x225.jpg 400w, https:\/\/ntigymnasiet.se\/wp-content\/uploads\/2026\/04\/ntinyhetwebb1920x1080gtcvinnarna2026gron-600x338.jpg 600w, https:\/\/ntigymnasiet.se\/wp-content\/uploads\/2026\/04\/ntinyhetwebb1920x1080gtcvinnarna2026gron-800x450.jpg 800w, https:\/\/ntigymnasiet.se\/wp-content\/uploads\/2026\/04\/ntinyhetwebb1920x1080gtcvinnarna2026gron-1024x576.jpg 1024w, https:\/\/ntigymnasiet.se\/wp-content\/uploads\/2026\/04\/ntinyhetwebb1920x1080gtcvinnarna2026gron-1200x675.jpg 1200w\" sizes=\"(max-width: 1920px) 100vw, 1920px\" \/>\t\t\t\t\t\t<\/div>\n\n\t\t\t\t\t\t\n\t\t\t\t\t\t\t\t\t\t\t<\/div>\n\t\t\t\t\n\t\t\t\t<div class=\"images_module__container_dot \">\n\t\t\t\t\t<div style=\"text-align:center\">\n\t\t\t\t\t\t\t\t\t\t\t\t\t<span   data-i=\"0\"\n\t\t\t\t\t\t\t\t  class=\"images_module__dot\n\t\t\t\t\t\t\t\t\t\t\t\t\t  \"><\/span>\n\t\t\t\t\t\t\t\t\t\t\t<\/div>\n\t\t\t\t<\/div>\n\n\t\t\t<\/div>\n\t\t<\/div>\n\t<\/div>\n\n\n\t\n\n\n<script>\n\tvar images_display_descriptive_text = \"\";\n<\/script>\n\n\n\n<div style=\"height:40px\" aria-hidden=\"true\" class=\"wp-block-spacer\"><\/div>\n\n\n\n<h1 class=\"wp-block-heading\">Jusuf, Johann och Timo vinner Green Tech Challenge 2026!<\/h1>\n\n\n\n<p   class=\"site__ingress container text-left  site__text-color--dark  site__free_text--ingress p-0\">\n\tDen 14 april avgjordes \u00e5rets Green Tech Challenge p\u00e5 KTH i Stockholm. Efter en inspirerande finaldag stod det klart att vinnarna \u00e4r Jusuf, Johann och Timo fr\u00e5n NTI Gymnasiet Lund. Stort grattis!<\/p>\n\n\n\n\n\n<p>Green Tech Challenge \u00e4r en t\u00e4vling d\u00e4r eleverna f\u00e5r arbeta med verkliga samh\u00e4llsutmaningar kopplade till h\u00e5llbar utveckling. De f\u00e5r testa id\u00e9er, t\u00e4nka kreativt och utveckla tekniska l\u00f6sningar som kan g\u00f6ra skillnad, p\u00e5 riktigt.<\/p>\n\n\n\n<p><em>\u2013 Vi str\u00e4var efter att ge v\u00e5ra elever verktygen, probleml\u00f6sningsf\u00f6rm\u00e5gan och kreativiteten de beh\u00f6ver f\u00f6r att m\u00f6ta framtidens utmaningar. Genom Green Tech Challenge f\u00e5r eleverna m\u00f6jlighet att samarbeta, t\u00e4nka innovativt och oms\u00e4tta sina kunskaper i praktiken, s\u00e4ger Victor Huke, central f\u00f6rstel\u00e4rare inom tech p\u00e5 NTI Gymnasiet.<\/em><\/p>\n\n\n\n<h2 class=\"wp-block-heading\">Med fokus p\u00e5 FN:s globala m\u00e5l<\/h2>\n\n\n\n<p>T\u00e4vlingen utg\u00e5r fr\u00e5n FN:s globala m\u00e5l f\u00f6r h\u00e5llbar utveckling och ger eleverna chansen att hitta en teknisk och\/eller digital l\u00f6sning p\u00e5 ett problem kopplat till de globala m\u00e5len. Eleverna f\u00e5r visa hur teknik kan anv\u00e4ndas f\u00f6r att bidra till en mer h\u00e5llbar framtid.<\/p>\n\n\n\n<p><strong>T\u00e4vlingen fokuserar p\u00e5 f\u00f6ljande m\u00e5l:<\/strong><\/p>\n\n\n\n<ul>\n<li>H\u00e5llbar energi f\u00f6r alla<\/li>\n\n\n\n<li>H\u00e5llbar industri, innovationer och infrastruktur<\/li>\n\n\n\n<li>H\u00e5llbara st\u00e4der och samh\u00e4llen<\/li>\n\n\n\n<li>H\u00e5llbar konsumtion och produktion<\/li>\n\n\n\n<li>Bek\u00e4mpa klimatf\u00f6r\u00e4ndringarna<\/li>\n<\/ul>\n\n\n\n<h2 class=\"wp-block-heading\">Finaldagen p\u00e5 KTH<\/h2>\n\n\n\n<p>Den 14 april samlades flera elever fr\u00e5n NTI Gymnasiets skolor f\u00f6r den stora finalen p\u00e5 Kungliga Tekniska h\u00f6gskolan (KTH) i Stockholm. Dagen inleddes med fika och mingel innan NTIs skolchef Erik h\u00e4lsade alla v\u00e4lkomna. D\u00e4refter f\u00f6rel\u00e4ste Frida Andersson som studerar till civilingenj\u00f6r och l\u00e4rare p\u00e5 KTH om sina erfarenheter fr\u00e5n universitet och involvering i studentlivet.  <\/p>\n\n\n\n<p>Sedan var det \u00e4ntligen dags f\u00f6r eleverna att presentera sina id\u00e9er f\u00f6r en expertjury, branschfolk p\u00e5 KTH och en stor publik. Bidrag fr\u00e5n NTI Gymnasiet Lund, \u00d6rebro, Sollentuna, Stockholm Odenplan och Uppsala pitchade sina l\u00f6sningar i turordning, och vilken final det blev! <\/p>\n\n\n\n<p>Under dagen presenterade eleverna smarta och kreativa l\u00f6sningar p\u00e5 verkliga problem kopplade till h\u00e5llbar utveckling. N\u00e4r vinnaren skulle utses stod det klart att Jusuf, Johann och Timo fr\u00e5n NTI Gymnasiet Lund tog hem segern med sin dr\u00f6nare som planterar tr\u00e4d i sv\u00e5r\u00e5tkomlig terr\u00e4ng.<\/p>\n\n\n\n<p><em>Stort grattis till Jusuf, Johann och Timo fr\u00e5n NTI Gymnasiet i Lund!&nbsp;<\/em><\/p>\n\n\n\n<h2 class=\"wp-block-heading\">Intervju med en av vinnarna, Jusuf<\/h2>\n\n\n\n<p>Vi har pratat med Jusuf om vinsten, om id\u00e9n bakom deras l\u00f6sning och vad som v\u00e4ntar h\u00e4rn\u00e4st:<\/p>\n\n\n\n<p><strong>Grattis till vinsten!<\/strong> <strong>Ber\u00e4tta vad har du och din grupp har kommit p\u00e5 f\u00f6r l\u00f6sning<\/strong>. <br><em>Tack! <br>Vi har kommit p\u00e5 en dr\u00f6nare som kan \u00e5terplantera tr\u00e4d f\u00f6r att hj\u00e4lpa till efter skogsbr\u00e4nder i sv\u00e5r\u00e5tkomlig terr\u00e4ng. <\/em><\/p>\n\n\n\n<p><strong>Hur kom ni p\u00e5 er id\u00e9?<\/strong><br><em>Vi hade kollat p\u00e5 olika l\u00f6sningar f\u00f6r att transportera medicin i sv\u00e5r\u00e5tkomlig terr\u00e4ng i exempelvis Rwanda. D\u00e5 fick vi inspiration av att anv\u00e4nda dr\u00f6nare och sedan har vi utvecklat id\u00e9n genom att skapa en dr\u00f6nare som har vingar ist\u00e4llet f\u00f6r fyra motorer. <\/em><\/p>\n\n\n\n<p><strong>Sp\u00e4nnande! Vad inspirerade er till just det h\u00e4r projektet?<br><\/strong><em>Jag blev inspirerad till id\u00e9n n\u00e4r jag s\u00e5g hur naturen har f\u00f6rst\u00f6rts i olika l\u00e4nder, som Australien f\u00f6r n\u00e5gra \u00e5r sedan och Amazonas. <\/em><\/p>\n\n\n\n<p><strong>Ber\u00e4tta kort vad er tekniska l\u00f6sning g\u00f6r och vilka problem den ska l\u00f6sa<\/strong>.<br><em>V\u00e5r id\u00e9 l\u00f6ser problemet med att skicka ut dr\u00f6nare p\u00e5 ett effektivare, snabbare och billigare s\u00e4tt, men ocks\u00e5 d\u00e4r m\u00e4nniskor inte kan ta sig, exempelvis n\u00e4r det har brunnit vid berg i Thailand. V\u00e5r dr\u00f6nare sl\u00e4pper ut fr\u00f6n som kan \u00f6verleva i sv\u00e5r terr\u00e4ng och p\u00e5 s\u00e5 s\u00e4tt planteras tr\u00e4d p\u00e5 ett effektivare s\u00e4tt.<\/em><\/p>\n\n\n\n<p><strong>Vad har du f\u00f6r tips till andra elever som funderar p\u00e5 att delta i Green Tech Challenge n\u00e4sta \u00e5r?<\/strong><br><em>Mitt tips till de som t\u00e4vlar n\u00e4sta \u00e5r \u00e4r att fr\u00e5ga dina l\u00e4rare om hj\u00e4lp och tveka inte att fr\u00e5ga andra p\u00e5 skolan ocks\u00e5, b\u00e5de kompisar och l\u00e4rare. Mina l\u00e4rare hj\u00e4lpte mig att ta id\u00e9n mycket l\u00e4ngre \u00e4n jag hade kunnat g\u00f6ra sj\u00e4lv.<\/em><\/p>\n\n\n\n<p><strong>Vad \u00e4r planen nu vidare med er l\u00f6sning?<\/strong><br><em>Planen \u00e4r att den ska byggas klart helt och h\u00e5llet i skolan s\u00e5 vi ska kunna pitcha den f\u00f6r ett annat f\u00f6retag eller visa upp den som en cool grej p\u00e5 skolans \u00f6ppna hus. <\/em><\/p>\n\n\n\n<p>\u00c4nnu en g\u00e5ng, stort grattis Jusuf, Johann och Timo! Vi ser fram emot att f\u00f6lja er resa och se hur er l\u00f6sning forts\u00e4tter att utvecklas.<\/p>\n<\/div>\n\n\n\n<div class=\"wp-block-column is-layout-constrained wp-block-column-is-layout-constrained\" style=\"flex-basis:15%\"><\/div>\n<\/div>\n","protected":false},"template":"","article_category":[],"yoast_head":"<!-- This site is optimized with the Yoast SEO plugin v22.0 - https:\/\/yoast.com\/wordpress\/plugins\/seo\/ -->\n<title>NTI Vetenskapsgymnasiet<\/title>\n<meta name=\"description\" content=\"Green Tech Challenge \u00e4r en t\u00e4vling d\u00e4r eleverna f\u00e5r arbeta med verkliga samh\u00e4llsutmaningar kopplade till h\u00e5llbar utveckling.\" \/>\n<meta name=\"robots\" content=\"index, follow, max-snippet:-1, max-image-preview:large, max-video-preview:-1\" \/>\n<link rel=\"canonical\" href=\"https:\/\/ntigymnasiet.se\/vetenskapsgymnasiet\/nyheter\/green-tech-challenge-vinnarna-2026\/\" \/>\n<meta property=\"og:locale\" content=\"sv_SE\" \/>\n<meta property=\"og:type\" content=\"article\" \/>\n<meta property=\"og:description\" content=\"Green Tech Challenge \u00e4r en t\u00e4vling d\u00e4r eleverna f\u00e5r arbeta med verkliga samh\u00e4llsutmaningar kopplade till h\u00e5llbar utveckling.\" \/>\n<meta property=\"og:url\" content=\"https:\/\/ntigymnasiet.se\/vetenskapsgymnasiet\/nyheter\/green-tech-challenge-vinnarna-2026\/\" \/>\n<meta property=\"og:site_name\" content=\"NTI Vetenskapsgymnasiet\" \/>\n<meta property=\"article:modified_time\" content=\"2026-04-27T09:17:37+00:00\" \/>\n<meta name=\"twitter:card\" content=\"summary_large_image\" \/>\n<meta name=\"twitter:description\" content=\"Green Tech Challenge \u00e4r en t\u00e4vling d\u00e4r eleverna f\u00e5r arbeta med verkliga samh\u00e4llsutmaningar kopplade till h\u00e5llbar utveckling.\" \/>\n<meta name=\"twitter:image\" content=\"https:\/\/ntigymnasiet.se\/wp-content\/uploads\/2026\/04\/ntinyhetwebb1920x1080gtcvinnarna2026gron-1200x630.jpg\" \/>\n<meta name=\"twitter:label1\" content=\"Est. reading time\" \/>\n\t<meta name=\"twitter:data1\" content=\"4 minuter\" \/>\n<script type=\"application\/ld+json\" class=\"yoast-schema-graph\">{\"@context\":\"https:\/\/schema.org\",\"@graph\":[{\"@type\":\"WebPage\",\"@id\":\"https:\/\/ntigymnasiet.se\/vetenskapsgymnasiet\/nyheter\/green-tech-challenge-vinnarna-2026\/\",\"url\":\"https:\/\/ntigymnasiet.se\/vetenskapsgymnasiet\/nyheter\/green-tech-challenge-vinnarna-2026\/\",\"name\":\"Green Tech Challenge vinnarna 2026 - NTI Vetenskapsgymnasiet\",\"isPartOf\":{\"@id\":\"https:\/\/ntigymnasiet.se\/vetenskapsgymnasiet\/#website\"},\"datePublished\":\"2026-04-27T09:17:36+00:00\",\"dateModified\":\"2026-04-27T09:17:37+00:00\",\"description\":\"Green Tech Challenge \u00e4r en t\u00e4vling d\u00e4r eleverna f\u00e5r arbeta med verkliga samh\u00e4llsutmaningar kopplade till h\u00e5llbar utveckling.\",\"breadcrumb\":{\"@id\":\"https:\/\/ntigymnasiet.se\/vetenskapsgymnasiet\/nyheter\/green-tech-challenge-vinnarna-2026\/#breadcrumb\"},\"inLanguage\":\"sv-SE\",\"potentialAction\":[{\"@type\":\"ReadAction\",\"target\":[\"https:\/\/ntigymnasiet.se\/vetenskapsgymnasiet\/nyheter\/green-tech-challenge-vinnarna-2026\/\"]}]},{\"@type\":\"BreadcrumbList\",\"@id\":\"https:\/\/ntigymnasiet.se\/vetenskapsgymnasiet\/nyheter\/green-tech-challenge-vinnarna-2026\/#breadcrumb\",\"itemListElement\":[{\"@type\":\"ListItem\",\"position\":1,\"name\":\"Start\",\"item\":\"https:\/\/ntigymnasiet.se\/vetenskapsgymnasiet\"},{\"@type\":\"ListItem\",\"position\":2,\"name\":\"Nyheter\"}]},{\"@type\":\"WebSite\",\"@id\":\"https:\/\/ntigymnasiet.se\/vetenskapsgymnasiet\/#website\",\"url\":\"https:\/\/ntigymnasiet.se\/vetenskapsgymnasiet\/\",\"name\":\"NTI Vetenskapsgymnasiet\",\"description\":\"Just another WordPress site\",\"potentialAction\":[{\"@type\":\"SearchAction\",\"target\":{\"@type\":\"EntryPoint\",\"urlTemplate\":\"https:\/\/ntigymnasiet.se\/vetenskapsgymnasiet\/?s={search_term_string}\"},\"query-input\":\"required name=search_term_string\"}],\"inLanguage\":\"sv-SE\"}]}<\/script>\n<!-- \/ Yoast SEO plugin. -->","yoast_head_json":{"title":"NTI Vetenskapsgymnasiet","description":"Green Tech Challenge \u00e4r en t\u00e4vling d\u00e4r eleverna f\u00e5r arbeta med verkliga samh\u00e4llsutmaningar kopplade till h\u00e5llbar utveckling.","robots":{"index":"index","follow":"follow","max-snippet":"max-snippet:-1","max-image-preview":"max-image-preview:large","max-video-preview":"max-video-preview:-1"},"canonical":"https:\/\/ntigymnasiet.se\/vetenskapsgymnasiet\/nyheter\/green-tech-challenge-vinnarna-2026\/","og_locale":"sv_SE","og_type":"article","og_description":"Green Tech Challenge \u00e4r en t\u00e4vling d\u00e4r eleverna f\u00e5r arbeta med verkliga samh\u00e4llsutmaningar kopplade till h\u00e5llbar utveckling.","og_url":"https:\/\/ntigymnasiet.se\/vetenskapsgymnasiet\/nyheter\/green-tech-challenge-vinnarna-2026\/","og_site_name":"NTI Vetenskapsgymnasiet","article_modified_time":"2026-04-27T09:17:37+00:00","twitter_card":"summary_large_image","twitter_description":"Green Tech Challenge \u00e4r en t\u00e4vling d\u00e4r eleverna f\u00e5r arbeta med verkliga samh\u00e4llsutmaningar kopplade till h\u00e5llbar utveckling.","twitter_image":"https:\/\/ntigymnasiet.se\/wp-content\/uploads\/2026\/04\/ntinyhetwebb1920x1080gtcvinnarna2026gron-1200x630.jpg","twitter_misc":{"Est. reading time":"4 minuter"},"schema":{"@context":"https:\/\/schema.org","@graph":[{"@type":"WebPage","@id":"https:\/\/ntigymnasiet.se\/vetenskapsgymnasiet\/nyheter\/green-tech-challenge-vinnarna-2026\/","url":"https:\/\/ntigymnasiet.se\/vetenskapsgymnasiet\/nyheter\/green-tech-challenge-vinnarna-2026\/","name":"Green Tech Challenge vinnarna 2026 - NTI Vetenskapsgymnasiet","isPartOf":{"@id":"https:\/\/ntigymnasiet.se\/vetenskapsgymnasiet\/#website"},"datePublished":"2026-04-27T09:17:36+00:00","dateModified":"2026-04-27T09:17:37+00:00","description":"Green Tech Challenge \u00e4r en t\u00e4vling d\u00e4r eleverna f\u00e5r arbeta med verkliga samh\u00e4llsutmaningar kopplade till h\u00e5llbar utveckling.","breadcrumb":{"@id":"https:\/\/ntigymnasiet.se\/vetenskapsgymnasiet\/nyheter\/green-tech-challenge-vinnarna-2026\/#breadcrumb"},"inLanguage":"sv-SE","potentialAction":[{"@type":"ReadAction","target":["https:\/\/ntigymnasiet.se\/vetenskapsgymnasiet\/nyheter\/green-tech-challenge-vinnarna-2026\/"]}]},{"@type":"BreadcrumbList","@id":"https:\/\/ntigymnasiet.se\/vetenskapsgymnasiet\/nyheter\/green-tech-challenge-vinnarna-2026\/#breadcrumb","itemListElement":[{"@type":"ListItem","position":1,"name":"Start","item":"https:\/\/ntigymnasiet.se\/vetenskapsgymnasiet"},{"@type":"ListItem","position":2,"name":"Nyheter"}]},{"@type":"WebSite","@id":"https:\/\/ntigymnasiet.se\/vetenskapsgymnasiet\/#website","url":"https:\/\/ntigymnasiet.se\/vetenskapsgymnasiet\/","name":"NTI Vetenskapsgymnasiet","description":"Just another WordPress site","potentialAction":[{"@type":"SearchAction","target":{"@type":"EntryPoint","urlTemplate":"https:\/\/ntigymnasiet.se\/vetenskapsgymnasiet\/?s={search_term_string}"},"query-input":"required name=search_term_string"}],"inLanguage":"sv-SE"}]}},"_links":{"self":[{"href":"https:\/\/ntigymnasiet.se\/vetenskapsgymnasiet\/wp-json\/wp\/v2\/article\/3393"}],"collection":[{"href":"https:\/\/ntigymnasiet.se\/vetenskapsgymnasiet\/wp-json\/wp\/v2\/article"}],"about":[{"href":"https:\/\/ntigymnasiet.se\/vetenskapsgymnasiet\/wp-json\/wp\/v2\/types\/article"}],"wp:attachment":[{"href":"https:\/\/ntigymnasiet.se\/vetenskapsgymnasiet\/wp-json\/wp\/v2\/media?parent=3393"}],"wp:term":[{"taxonomy":"article_category","embeddable":true,"href":"https:\/\/ntigymnasiet.se\/vetenskapsgymnasiet\/wp-json\/wp\/v2\/article_category?post=3393"}],"curies":[{"name":"wp","href":"https:\/\/api.w.org\/{rel}","templated":true}]}}